{"id":9148,"date":"2020-08-25T10:09:41","date_gmt":"2020-08-25T17:09:41","guid":{"rendered":"http:\/\/elmontgomery.com\/?p=5667"},"modified":"2020-08-25T10:09:41","modified_gmt":"2020-08-25T17:09:41","slug":"ma-says-farewell-to-long-time-colleague-janis-blainer-fleming","status":"publish","type":"post","link":"https:\/\/elmontgomery.com\/es\/news\/ma-says-farewell-to-long-time-colleague-janis-blainer-fleming\/","title":{"rendered":"M&amp;A se despide de su colega Janis Blainer-Fleming"},"content":{"rendered":"<p><img decoding=\"async\" class=\"lazyload size-medium wp-image-5668 alignleft\" src=\"data:image\/svg+xml,%3Csvg%20xmlns%3D%27http%3A%2F%2Fwww.w3.org%2F2000%2Fsvg%27%20width%3D%27269%27%20height%3D%27300%27%20viewBox%3D%270%200%20269%20300%27%3E%3Crect%20width%3D%27269%27%20height%3D%27300%27%20fill-opacity%3D%220%22%2F%3E%3C%2Fsvg%3E\" data-orig-src=\"https:\/\/elmontgomery.com\/wp-content\/uploads\/2022\/11\/Janis-269x300.jpg\" alt=\"Janis Blainer-Fleming\" width=\"269\" height=\"300\" \/>El lunes 31 de agosto de 2020, Montgomery &amp; Associates se despide de Janis Blainer-Fleming, hidroge\u00f3loga principal de nuestra oficina de Tucson. Janis se retira despu\u00e9s de casi 32 a\u00f1os en M&amp;A.<\/p>\n<p>El liderazgo, el trabajo arduo y el compromiso de Janis con la excelencia t\u00e9cnica han contribuido al \u00e9xito y al crecimiento de nuestra empresa. Durante su carrera, trabaj\u00f3 extensamente en investigaciones de campo centradas en la perforaci\u00f3n de pozos y caracterizaciones de sitios, dirigi\u00f3 nuestro grupo de an\u00e1lisis de im\u00e1genes satelitales y asesor\u00f3 a nuestro personal sobre la importancia y la pr\u00e1ctica de la geolog\u00eda en nuestro trabajo. Antes de unirse a M&amp;A, Janis obtuvo una licenciatura en geociencias y una maestr\u00eda en educaci\u00f3n secundaria, ambas de la Universidad de Arizona.<\/p>\n<p>\u201cMe gustar\u00eda agradecer a Janis por pasar 32 a\u00f1os maravillosos con nosotros. Su amistad, energ\u00eda y dedicaci\u00f3n hicieron de M&amp;A un lugar mejor\u201d, dijo Hale Barter, presidente. \u201cEs dif\u00edcil despedirse de un colega tan cercano cuando estamos distanciados socialmente y no podemos organizar una fiesta de despedida adecuada. Queremos que Janis sepa lo importante que es para las fusiones y adquisiciones y que la extra\u00f1aremos\u201d.<\/p>\n<p>Al jubilarse, Janis espera poder pasar tiempo con su esposo, Angus, y su hija, Gillian, que tambi\u00e9n vive en Tucson. Espera visitar pronto a su hijo, Colin, que vive en Australia. En M&amp;A le deseamos a Janis lo mejor en el pr\u00f3ximo cap\u00edtulo de su vida.<\/p>","protected":false},"excerpt":{"rendered":"<p>On Monday, August 31, 2020, Montgomery &amp; Associates bids farewell  [&#8230;]<\/p>\n","protected":false},"author":4,"featured_media":0,"comment_status":"closed","ping_status":"closed","sticky":false,"template":"","format":"standard","meta":{"footnotes":""},"categories":[7],"tags":[],"class_list":["post-9148","post","type-post","status-publish","format-standard","hentry","category-news"],"yoast_head":"<!-- This site is optimized with the Yoast SEO plugin v27.4 - https:\/\/yoast.com\/product\/yoast-seo-wordpress\/ -->\n<title>M&amp;A says farewell to long-time colleague Janis Blainer-Fleming - Montgomery &amp; Associates<\/title>\n<meta name=\"robots\" content=\"index, follow, max-snippet:-1, max-image-preview:large, max-video-preview:-1\" \/>\n<link rel=\"canonical\" href=\"https:\/\/elmontgomery.com\/es\/news\/ma-says-farewell-to-long-time-colleague-janis-blainer-fleming\/\" \/>\n<meta property=\"og:locale\" content=\"es_ES\" \/>\n<meta property=\"og:type\" content=\"article\" \/>\n<meta property=\"og:title\" content=\"M&amp;A says farewell to long-time colleague Janis Blainer-Fleming - Montgomery &amp; Associates\" \/>\n<meta property=\"og:description\" content=\"On Monday, August 31, 2020, Montgomery &amp; Associates bids farewell [...]\" \/>\n<meta property=\"og:url\" content=\"https:\/\/elmontgomery.com\/es\/news\/ma-says-farewell-to-long-time-colleague-janis-blainer-fleming\/\" \/>\n<meta property=\"og:site_name\" content=\"Montgomery &amp; Associates\" \/>\n<meta property=\"article:published_time\" content=\"2020-08-25T17:09:41+00:00\" \/>\n<meta property=\"og:image\" content=\"https:\/\/elmontgomery.com\/wp-content\/uploads\/2022\/11\/Janis-269x300.jpg\" \/>\n<meta name=\"author\" content=\"Caryn Fogel\" \/>\n<meta name=\"twitter:card\" content=\"summary_large_image\" \/>\n<meta name=\"twitter:label1\" content=\"Escrito por\" \/>\n\t<meta name=\"twitter:data1\" content=\"Caryn Fogel\" \/>\n\t<meta name=\"twitter:label2\" content=\"Tiempo estimado de lectura\" \/>\n\t<meta name=\"twitter:data2\" content=\"1 minuto\" \/>\n<script type=\"application\/ld+json\" class=\"yoast-schema-graph\">{\"@context\":\"https:\\\/\\\/schema.org\",\"@graph\":[{\"@type\":\"Article\",\"@id\":\"https:\\\/\\\/elmontgomery.com\\\/news\\\/ma-says-farewell-to-long-time-colleague-janis-blainer-fleming\\\/#article\",\"isPartOf\":{\"@id\":\"https:\\\/\\\/elmontgomery.com\\\/news\\\/ma-says-farewell-to-long-time-colleague-janis-blainer-fleming\\\/\"},\"author\":{\"name\":\"Caryn Fogel\",\"@id\":\"https:\\\/\\\/elmontgomery.com\\\/#\\\/schema\\\/person\\\/b9fe077f13e0c822d1a4d4f7204b4463\"},\"headline\":\"M&#038;A says farewell to long-time colleague Janis Blainer-Fleming\",\"datePublished\":\"2020-08-25T17:09:41+00:00\",\"mainEntityOfPage\":{\"@id\":\"https:\\\/\\\/elmontgomery.com\\\/news\\\/ma-says-farewell-to-long-time-colleague-janis-blainer-fleming\\\/\"},\"wordCount\":242,\"publisher\":{\"@id\":\"https:\\\/\\\/elmontgomery.com\\\/#organization\"},\"image\":{\"@id\":\"https:\\\/\\\/elmontgomery.com\\\/news\\\/ma-says-farewell-to-long-time-colleague-janis-blainer-fleming\\\/#primaryimage\"},\"thumbnailUrl\":\"https:\\\/\\\/elmontgomery.com\\\/wp-content\\\/uploads\\\/2022\\\/11\\\/Janis-269x300.jpg\",\"articleSection\":[\"News\"],\"inLanguage\":\"es-CL\"},{\"@type\":\"WebPage\",\"@id\":\"https:\\\/\\\/elmontgomery.com\\\/news\\\/ma-says-farewell-to-long-time-colleague-janis-blainer-fleming\\\/\",\"url\":\"https:\\\/\\\/elmontgomery.com\\\/news\\\/ma-says-farewell-to-long-time-colleague-janis-blainer-fleming\\\/\",\"name\":\"M&A says farewell to long-time colleague Janis Blainer-Fleming - Montgomery &amp; Associates\",\"isPartOf\":{\"@id\":\"https:\\\/\\\/elmontgomery.com\\\/#website\"},\"primaryImageOfPage\":{\"@id\":\"https:\\\/\\\/elmontgomery.com\\\/news\\\/ma-says-farewell-to-long-time-colleague-janis-blainer-fleming\\\/#primaryimage\"},\"image\":{\"@id\":\"https:\\\/\\\/elmontgomery.com\\\/news\\\/ma-says-farewell-to-long-time-colleague-janis-blainer-fleming\\\/#primaryimage\"},\"thumbnailUrl\":\"https:\\\/\\\/elmontgomery.com\\\/wp-content\\\/uploads\\\/2022\\\/11\\\/Janis-269x300.jpg\",\"datePublished\":\"2020-08-25T17:09:41+00:00\",\"breadcrumb\":{\"@id\":\"https:\\\/\\\/elmontgomery.com\\\/news\\\/ma-says-farewell-to-long-time-colleague-janis-blainer-fleming\\\/#breadcrumb\"},\"inLanguage\":\"es-CL\",\"potentialAction\":[{\"@type\":\"ReadAction\",\"target\":[\"https:\\\/\\\/elmontgomery.com\\\/news\\\/ma-says-farewell-to-long-time-colleague-janis-blainer-fleming\\\/\"]}]},{\"@type\":\"ImageObject\",\"inLanguage\":\"es-CL\",\"@id\":\"https:\\\/\\\/elmontgomery.com\\\/news\\\/ma-says-farewell-to-long-time-colleague-janis-blainer-fleming\\\/#primaryimage\",\"url\":\"https:\\\/\\\/elmontgomery.com\\\/wp-content\\\/uploads\\\/2022\\\/11\\\/Janis-269x300.jpg\",\"contentUrl\":\"https:\\\/\\\/elmontgomery.com\\\/wp-content\\\/uploads\\\/2022\\\/11\\\/Janis-269x300.jpg\"},{\"@type\":\"BreadcrumbList\",\"@id\":\"https:\\\/\\\/elmontgomery.com\\\/news\\\/ma-says-farewell-to-long-time-colleague-janis-blainer-fleming\\\/#breadcrumb\",\"itemListElement\":[{\"@type\":\"ListItem\",\"position\":1,\"name\":\"Home\",\"item\":\"https:\\\/\\\/elmontgomery.com\\\/\"},{\"@type\":\"ListItem\",\"position\":2,\"name\":\"News\",\"item\":\"https:\\\/\\\/elmontgomery.com\\\/category\\\/news\\\/\"},{\"@type\":\"ListItem\",\"position\":3,\"name\":\"M&#038;A says farewell to long-time colleague Janis Blainer-Fleming\"}]},{\"@type\":\"WebSite\",\"@id\":\"https:\\\/\\\/elmontgomery.com\\\/#website\",\"url\":\"https:\\\/\\\/elmontgomery.com\\\/\",\"name\":\"Montgomery &amp; Associates\",\"description\":\"Water Resource Consultants\",\"publisher\":{\"@id\":\"https:\\\/\\\/elmontgomery.com\\\/#organization\"},\"potentialAction\":[{\"@type\":\"SearchAction\",\"target\":{\"@type\":\"EntryPoint\",\"urlTemplate\":\"https:\\\/\\\/elmontgomery.com\\\/?s={search_term_string}\"},\"query-input\":{\"@type\":\"PropertyValueSpecification\",\"valueRequired\":true,\"valueName\":\"search_term_string\"}}],\"inLanguage\":\"es-CL\"},{\"@type\":\"Organization\",\"@id\":\"https:\\\/\\\/elmontgomery.com\\\/#organization\",\"name\":\"Montgomery &amp; Associates\",\"url\":\"https:\\\/\\\/elmontgomery.com\\\/\",\"logo\":{\"@type\":\"ImageObject\",\"inLanguage\":\"es-CL\",\"@id\":\"https:\\\/\\\/elmontgomery.com\\\/#\\\/schema\\\/logo\\\/image\\\/\",\"url\":\"https:\\\/\\\/elmontgomery.com\\\/wp-content\\\/uploads\\\/2022\\\/09\\\/MA_RGB_hrz_tag-1.png\",\"contentUrl\":\"https:\\\/\\\/elmontgomery.com\\\/wp-content\\\/uploads\\\/2022\\\/09\\\/MA_RGB_hrz_tag-1.png\",\"width\":1833,\"height\":533,\"caption\":\"Montgomery &amp; Associates\"},\"image\":{\"@id\":\"https:\\\/\\\/elmontgomery.com\\\/#\\\/schema\\\/logo\\\/image\\\/\"},\"sameAs\":[\"https:\\\/\\\/www.linkedin.com\\\/company\\\/2434577\\\/\"]},{\"@type\":\"Person\",\"@id\":\"https:\\\/\\\/elmontgomery.com\\\/#\\\/schema\\\/person\\\/b9fe077f13e0c822d1a4d4f7204b4463\",\"name\":\"Caryn Fogel\",\"image\":{\"@type\":\"ImageObject\",\"inLanguage\":\"es-CL\",\"@id\":\"https:\\\/\\\/elmontgomery.com\\\/wp-content\\\/litespeed\\\/avatar\\\/b35480ce8291aaa1d4aa5cfea7009977.jpg?ver=1777335544\",\"url\":\"https:\\\/\\\/elmontgomery.com\\\/wp-content\\\/litespeed\\\/avatar\\\/b35480ce8291aaa1d4aa5cfea7009977.jpg?ver=1777335544\",\"contentUrl\":\"https:\\\/\\\/elmontgomery.com\\\/wp-content\\\/litespeed\\\/avatar\\\/b35480ce8291aaa1d4aa5cfea7009977.jpg?ver=1777335544\",\"caption\":\"Caryn Fogel\"},\"url\":\"https:\\\/\\\/elmontgomery.com\\\/es\\\/author\\\/caryn\\\/\"}]}<\/script>\n<!-- \/ Yoast SEO plugin. -->","yoast_head_json":{"title":"M&amp;A se despide de su colega de muchos a\u00f1os, Janis Blainer-Fleming - Montgomery &amp; Associates","robots":{"index":"index","follow":"follow","max-snippet":"max-snippet:-1","max-image-preview":"max-image-preview:large","max-video-preview":"max-video-preview:-1"},"canonical":"https:\/\/elmontgomery.com\/es\/news\/ma-says-farewell-to-long-time-colleague-janis-blainer-fleming\/","og_locale":"es_ES","og_type":"article","og_title":"M&A says farewell to long-time colleague Janis Blainer-Fleming - Montgomery &amp; Associates","og_description":"On Monday, August 31, 2020, Montgomery &amp; Associates bids farewell [...]","og_url":"https:\/\/elmontgomery.com\/es\/news\/ma-says-farewell-to-long-time-colleague-janis-blainer-fleming\/","og_site_name":"Montgomery &amp; Associates","article_published_time":"2020-08-25T17:09:41+00:00","og_image":[{"url":"https:\/\/elmontgomery.com\/wp-content\/uploads\/2022\/11\/Janis-269x300.jpg","type":"","width":"","height":""}],"author":"Caryn Fogel","twitter_card":"summary_large_image","twitter_misc":{"Escrito por":"Caryn Fogel","Tiempo estimado de lectura":"1 minuto"},"schema":{"@context":"https:\/\/schema.org","@graph":[{"@type":"Article","@id":"https:\/\/elmontgomery.com\/news\/ma-says-farewell-to-long-time-colleague-janis-blainer-fleming\/#article","isPartOf":{"@id":"https:\/\/elmontgomery.com\/news\/ma-says-farewell-to-long-time-colleague-janis-blainer-fleming\/"},"author":{"name":"Caryn Fogel","@id":"https:\/\/elmontgomery.com\/#\/schema\/person\/b9fe077f13e0c822d1a4d4f7204b4463"},"headline":"M&#038;A says farewell to long-time colleague Janis Blainer-Fleming","datePublished":"2020-08-25T17:09:41+00:00","mainEntityOfPage":{"@id":"https:\/\/elmontgomery.com\/news\/ma-says-farewell-to-long-time-colleague-janis-blainer-fleming\/"},"wordCount":242,"publisher":{"@id":"https:\/\/elmontgomery.com\/#organization"},"image":{"@id":"https:\/\/elmontgomery.com\/news\/ma-says-farewell-to-long-time-colleague-janis-blainer-fleming\/#primaryimage"},"thumbnailUrl":"https:\/\/elmontgomery.com\/wp-content\/uploads\/2022\/11\/Janis-269x300.jpg","articleSection":["News"],"inLanguage":"es-CL"},{"@type":"WebPage","@id":"https:\/\/elmontgomery.com\/news\/ma-says-farewell-to-long-time-colleague-janis-blainer-fleming\/","url":"https:\/\/elmontgomery.com\/news\/ma-says-farewell-to-long-time-colleague-janis-blainer-fleming\/","name":"M&amp;A se despide de su colega de muchos a\u00f1os, Janis Blainer-Fleming - Montgomery &amp; Associates","isPartOf":{"@id":"https:\/\/elmontgomery.com\/#website"},"primaryImageOfPage":{"@id":"https:\/\/elmontgomery.com\/news\/ma-says-farewell-to-long-time-colleague-janis-blainer-fleming\/#primaryimage"},"image":{"@id":"https:\/\/elmontgomery.com\/news\/ma-says-farewell-to-long-time-colleague-janis-blainer-fleming\/#primaryimage"},"thumbnailUrl":"https:\/\/elmontgomery.com\/wp-content\/uploads\/2022\/11\/Janis-269x300.jpg","datePublished":"2020-08-25T17:09:41+00:00","breadcrumb":{"@id":"https:\/\/elmontgomery.com\/news\/ma-says-farewell-to-long-time-colleague-janis-blainer-fleming\/#breadcrumb"},"inLanguage":"es-CL","potentialAction":[{"@type":"ReadAction","target":["https:\/\/elmontgomery.com\/news\/ma-says-farewell-to-long-time-colleague-janis-blainer-fleming\/"]}]},{"@type":"ImageObject","inLanguage":"es-CL","@id":"https:\/\/elmontgomery.com\/news\/ma-says-farewell-to-long-time-colleague-janis-blainer-fleming\/#primaryimage","url":"https:\/\/elmontgomery.com\/wp-content\/uploads\/2022\/11\/Janis-269x300.jpg","contentUrl":"https:\/\/elmontgomery.com\/wp-content\/uploads\/2022\/11\/Janis-269x300.jpg"},{"@type":"BreadcrumbList","@id":"https:\/\/elmontgomery.com\/news\/ma-says-farewell-to-long-time-colleague-janis-blainer-fleming\/#breadcrumb","itemListElement":[{"@type":"ListItem","position":1,"name":"Home","item":"https:\/\/elmontgomery.com\/"},{"@type":"ListItem","position":2,"name":"News","item":"https:\/\/elmontgomery.com\/category\/news\/"},{"@type":"ListItem","position":3,"name":"M&#038;A says farewell to long-time colleague Janis Blainer-Fleming"}]},{"@type":"WebSite","@id":"https:\/\/elmontgomery.com\/#website","url":"https:\/\/elmontgomery.com\/","name":"Montgomery y asociados","description":"Consultores de recursos h\u00eddricos","publisher":{"@id":"https:\/\/elmontgomery.com\/#organization"},"potentialAction":[{"@type":"SearchAction","target":{"@type":"EntryPoint","urlTemplate":"https:\/\/elmontgomery.com\/?s={search_term_string}"},"query-input":{"@type":"PropertyValueSpecification","valueRequired":true,"valueName":"search_term_string"}}],"inLanguage":"es-CL"},{"@type":"Organization","@id":"https:\/\/elmontgomery.com\/#organization","name":"Montgomery y asociados","url":"https:\/\/elmontgomery.com\/","logo":{"@type":"ImageObject","inLanguage":"es-CL","@id":"https:\/\/elmontgomery.com\/#\/schema\/logo\/image\/","url":"https:\/\/elmontgomery.com\/wp-content\/uploads\/2022\/09\/MA_RGB_hrz_tag-1.png","contentUrl":"https:\/\/elmontgomery.com\/wp-content\/uploads\/2022\/09\/MA_RGB_hrz_tag-1.png","width":1833,"height":533,"caption":"Montgomery &amp; Associates"},"image":{"@id":"https:\/\/elmontgomery.com\/#\/schema\/logo\/image\/"},"sameAs":["https:\/\/www.linkedin.com\/company\/2434577\/"]},{"@type":"Person","@id":"https:\/\/elmontgomery.com\/#\/schema\/person\/b9fe077f13e0c822d1a4d4f7204b4463","name":"Caryn Fogel","image":{"@type":"ImageObject","inLanguage":"es-CL","@id":"https:\/\/elmontgomery.com\/wp-content\/litespeed\/avatar\/b35480ce8291aaa1d4aa5cfea7009977.jpg?ver=1777335544","url":"https:\/\/elmontgomery.com\/wp-content\/litespeed\/avatar\/b35480ce8291aaa1d4aa5cfea7009977.jpg?ver=1777335544","contentUrl":"https:\/\/elmontgomery.com\/wp-content\/litespeed\/avatar\/b35480ce8291aaa1d4aa5cfea7009977.jpg?ver=1777335544","caption":"Caryn Fogel"},"url":"https:\/\/elmontgomery.com\/es\/author\/caryn\/"}]}},"_links":{"self":[{"href":"https:\/\/elmontgomery.com\/es\/wp-json\/wp\/v2\/posts\/9148","targetHints":{"allow":["GET"]}}],"collection":[{"href":"https:\/\/elmontgomery.com\/es\/wp-json\/wp\/v2\/posts"}],"about":[{"href":"https:\/\/elmontgomery.com\/es\/wp-json\/wp\/v2\/types\/post"}],"author":[{"embeddable":true,"href":"https:\/\/elmontgomery.com\/es\/wp-json\/wp\/v2\/users\/4"}],"replies":[{"embeddable":true,"href":"https:\/\/elmontgomery.com\/es\/wp-json\/wp\/v2\/comments?post=9148"}],"version-history":[{"count":0,"href":"https:\/\/elmontgomery.com\/es\/wp-json\/wp\/v2\/posts\/9148\/revisions"}],"wp:attachment":[{"href":"https:\/\/elmontgomery.com\/es\/wp-json\/wp\/v2\/media?parent=9148"}],"wp:term":[{"taxonomy":"category","embeddable":true,"href":"https:\/\/elmontgomery.com\/es\/wp-json\/wp\/v2\/categories?post=9148"},{"taxonomy":"post_tag","embeddable":true,"href":"https:\/\/elmontgomery.com\/es\/wp-json\/wp\/v2\/tags?post=9148"}],"curies":[{"name":"Gracias","href":"https:\/\/api.w.org\/{rel}","templated":true}]}}