{"id":8832,"date":"2022-10-07T09:17:23","date_gmt":"2022-10-07T16:17:23","guid":{"rendered":"http:\/\/elmontgomery.com\/?p=8832"},"modified":"2022-10-07T09:17:23","modified_gmt":"2022-10-07T16:17:23","slug":"ma-mourns-the-loss-of-friend-and-colleague-tom-meixner","status":"publish","type":"post","link":"https:\/\/elmontgomery.com\/es\/news\/ma-mourns-the-loss-of-friend-and-colleague-tom-meixner\/","title":{"rendered":"M&amp;A lamenta la p\u00e9rdida del amigo y colega Tom Meixner"},"content":{"rendered":"<p>La familia de M&amp;A lamenta la p\u00e9rdida de Tom Meixner, Ph.D., profesor y director del Departamento de Hidrolog\u00eda y Ciencias Atmosf\u00e9ricas de la Universidad de Arizona, y ex alumno del programa de hidrolog\u00eda. Tom fue asesinado a tiros en el campus, el mi\u00e9rcoles 5 de octubre. Era un miembro querido de la comunidad y un l\u00edder en la universidad. La primera prioridad de Tom siempre fueron los estudiantes. Influy\u00f3 en la vida de muchos miembros del personal de fusiones y adquisiciones, ya sea como profesor, asesor, consejero profesional o director del campo de hidrolog\u00eda con su buen amigo, el Dr. Ty Ferre. Nuestros corazones est\u00e1n con la familia, los estudiantes y los colegas de Tom durante este momento de tragedia y dolor.<\/p>\n<div id=\"attachment_8833\" style=\"width: 635px\" class=\"wp-caption alignnone\"><img decoding=\"async\" aria-describedby=\"caption-attachment-8833\" class=\"lazyload wp-image-8833 size-large\" style=\"font-weight: bold; background-color: transparent; font-size: 1rem;\" src=\"data:image\/svg+xml,%3Csvg%20xmlns%3D%27http%3A%2F%2Fwww.w3.org%2F2000%2Fsvg%27%20width%3D%27625%27%20height%3D%27522%27%20viewBox%3D%270%200%20625%20522%27%3E%3Crect%20width%3D%27625%27%20height%3D%27522%27%20fill-opacity%3D%220%22%2F%3E%3C%2Fsvg%3E\" data-orig-src=\"https:\/\/elmontgomery.com\/wp-content\/uploads\/2022\/10\/Meixner-memorial-1024x856.jpg\" alt=\"\" width=\"625\" height=\"522\" \/><p id=\"caption-attachment-8833\" class=\"wp-caption-text\">Los dolientes crearon un monumento fuera del edificio Harshbarger de la Universidad de Arizona en honor al Dr. Tom Meixner.<\/p><\/div>\n<p>&nbsp;<\/p>\n<p>&nbsp;<\/p>","protected":false},"excerpt":{"rendered":"<p>The M&amp;A family is grieving the loss of Tom Meixner,  [&#8230;]<\/p>\n","protected":false},"author":4,"featured_media":0,"comment_status":"closed","ping_status":"closed","sticky":false,"template":"","format":"standard","meta":{"footnotes":""},"categories":[7],"tags":[],"class_list":["post-8832","post","type-post","status-publish","format-standard","hentry","category-news"],"yoast_head":"<!-- This site is optimized with the Yoast SEO plugin v27.4 - https:\/\/yoast.com\/product\/yoast-seo-wordpress\/ -->\n<title>M&amp;A mourns the loss of friend and colleague Tom Meixner - Montgomery &amp; Associates<\/title>\n<meta name=\"robots\" content=\"index, follow, max-snippet:-1, max-image-preview:large, max-video-preview:-1\" \/>\n<link rel=\"canonical\" href=\"https:\/\/elmontgomery.com\/es\/news\/ma-mourns-the-loss-of-friend-and-colleague-tom-meixner\/\" \/>\n<meta property=\"og:locale\" content=\"es_ES\" \/>\n<meta property=\"og:type\" content=\"article\" \/>\n<meta property=\"og:title\" content=\"M&amp;A mourns the loss of friend and colleague Tom Meixner - Montgomery &amp; Associates\" \/>\n<meta property=\"og:description\" content=\"The M&amp;A family is grieving the loss of Tom Meixner, [...]\" \/>\n<meta property=\"og:url\" content=\"https:\/\/elmontgomery.com\/es\/news\/ma-mourns-the-loss-of-friend-and-colleague-tom-meixner\/\" \/>\n<meta property=\"og:site_name\" content=\"Montgomery &amp; Associates\" \/>\n<meta property=\"article:published_time\" content=\"2022-10-07T16:17:23+00:00\" \/>\n<meta property=\"og:image\" content=\"https:\/\/elmontgomery.com\/wp-content\/uploads\/2022\/10\/Meixner-memorial-1024x856.jpg\" \/>\n<meta name=\"author\" content=\"Caryn Fogel\" \/>\n<meta name=\"twitter:card\" content=\"summary_large_image\" \/>\n<meta name=\"twitter:label1\" content=\"Escrito por\" \/>\n\t<meta name=\"twitter:data1\" content=\"Caryn Fogel\" \/>\n\t<meta name=\"twitter:label2\" content=\"Tiempo estimado de lectura\" \/>\n\t<meta name=\"twitter:data2\" content=\"1 minuto\" \/>\n<script type=\"application\/ld+json\" class=\"yoast-schema-graph\">{\"@context\":\"https:\\\/\\\/schema.org\",\"@graph\":[{\"@type\":\"Article\",\"@id\":\"https:\\\/\\\/elmontgomery.com\\\/news\\\/ma-mourns-the-loss-of-friend-and-colleague-tom-meixner\\\/#article\",\"isPartOf\":{\"@id\":\"https:\\\/\\\/elmontgomery.com\\\/news\\\/ma-mourns-the-loss-of-friend-and-colleague-tom-meixner\\\/\"},\"author\":{\"name\":\"Caryn Fogel\",\"@id\":\"https:\\\/\\\/elmontgomery.com\\\/#\\\/schema\\\/person\\\/b9fe077f13e0c822d1a4d4f7204b4463\"},\"headline\":\"M&#038;A mourns the loss of friend and colleague Tom Meixner\",\"datePublished\":\"2022-10-07T16:17:23+00:00\",\"mainEntityOfPage\":{\"@id\":\"https:\\\/\\\/elmontgomery.com\\\/news\\\/ma-mourns-the-loss-of-friend-and-colleague-tom-meixner\\\/\"},\"wordCount\":148,\"publisher\":{\"@id\":\"https:\\\/\\\/elmontgomery.com\\\/#organization\"},\"image\":{\"@id\":\"https:\\\/\\\/elmontgomery.com\\\/news\\\/ma-mourns-the-loss-of-friend-and-colleague-tom-meixner\\\/#primaryimage\"},\"thumbnailUrl\":\"https:\\\/\\\/elmontgomery.com\\\/wp-content\\\/uploads\\\/2022\\\/10\\\/Meixner-memorial-1024x856.jpg\",\"articleSection\":[\"News\"],\"inLanguage\":\"es-CL\"},{\"@type\":\"WebPage\",\"@id\":\"https:\\\/\\\/elmontgomery.com\\\/news\\\/ma-mourns-the-loss-of-friend-and-colleague-tom-meixner\\\/\",\"url\":\"https:\\\/\\\/elmontgomery.com\\\/news\\\/ma-mourns-the-loss-of-friend-and-colleague-tom-meixner\\\/\",\"name\":\"M&A mourns the loss of friend and colleague Tom Meixner - Montgomery &amp; Associates\",\"isPartOf\":{\"@id\":\"https:\\\/\\\/elmontgomery.com\\\/#website\"},\"primaryImageOfPage\":{\"@id\":\"https:\\\/\\\/elmontgomery.com\\\/news\\\/ma-mourns-the-loss-of-friend-and-colleague-tom-meixner\\\/#primaryimage\"},\"image\":{\"@id\":\"https:\\\/\\\/elmontgomery.com\\\/news\\\/ma-mourns-the-loss-of-friend-and-colleague-tom-meixner\\\/#primaryimage\"},\"thumbnailUrl\":\"https:\\\/\\\/elmontgomery.com\\\/wp-content\\\/uploads\\\/2022\\\/10\\\/Meixner-memorial-1024x856.jpg\",\"datePublished\":\"2022-10-07T16:17:23+00:00\",\"breadcrumb\":{\"@id\":\"https:\\\/\\\/elmontgomery.com\\\/news\\\/ma-mourns-the-loss-of-friend-and-colleague-tom-meixner\\\/#breadcrumb\"},\"inLanguage\":\"es-CL\",\"potentialAction\":[{\"@type\":\"ReadAction\",\"target\":[\"https:\\\/\\\/elmontgomery.com\\\/news\\\/ma-mourns-the-loss-of-friend-and-colleague-tom-meixner\\\/\"]}]},{\"@type\":\"ImageObject\",\"inLanguage\":\"es-CL\",\"@id\":\"https:\\\/\\\/elmontgomery.com\\\/news\\\/ma-mourns-the-loss-of-friend-and-colleague-tom-meixner\\\/#primaryimage\",\"url\":\"https:\\\/\\\/elmontgomery.com\\\/wp-content\\\/uploads\\\/2022\\\/10\\\/Meixner-memorial-1024x856.jpg\",\"contentUrl\":\"https:\\\/\\\/elmontgomery.com\\\/wp-content\\\/uploads\\\/2022\\\/10\\\/Meixner-memorial-1024x856.jpg\"},{\"@type\":\"BreadcrumbList\",\"@id\":\"https:\\\/\\\/elmontgomery.com\\\/news\\\/ma-mourns-the-loss-of-friend-and-colleague-tom-meixner\\\/#breadcrumb\",\"itemListElement\":[{\"@type\":\"ListItem\",\"position\":1,\"name\":\"Home\",\"item\":\"https:\\\/\\\/elmontgomery.com\\\/\"},{\"@type\":\"ListItem\",\"position\":2,\"name\":\"News\",\"item\":\"https:\\\/\\\/elmontgomery.com\\\/category\\\/news\\\/\"},{\"@type\":\"ListItem\",\"position\":3,\"name\":\"M&#038;A mourns the loss of friend and colleague Tom Meixner\"}]},{\"@type\":\"WebSite\",\"@id\":\"https:\\\/\\\/elmontgomery.com\\\/#website\",\"url\":\"https:\\\/\\\/elmontgomery.com\\\/\",\"name\":\"Montgomery &amp; Associates\",\"description\":\"Water Resource Consultants\",\"publisher\":{\"@id\":\"https:\\\/\\\/elmontgomery.com\\\/#organization\"},\"potentialAction\":[{\"@type\":\"SearchAction\",\"target\":{\"@type\":\"EntryPoint\",\"urlTemplate\":\"https:\\\/\\\/elmontgomery.com\\\/?s={search_term_string}\"},\"query-input\":{\"@type\":\"PropertyValueSpecification\",\"valueRequired\":true,\"valueName\":\"search_term_string\"}}],\"inLanguage\":\"es-CL\"},{\"@type\":\"Organization\",\"@id\":\"https:\\\/\\\/elmontgomery.com\\\/#organization\",\"name\":\"Montgomery &amp; Associates\",\"url\":\"https:\\\/\\\/elmontgomery.com\\\/\",\"logo\":{\"@type\":\"ImageObject\",\"inLanguage\":\"es-CL\",\"@id\":\"https:\\\/\\\/elmontgomery.com\\\/#\\\/schema\\\/logo\\\/image\\\/\",\"url\":\"https:\\\/\\\/elmontgomery.com\\\/wp-content\\\/uploads\\\/2022\\\/09\\\/MA_RGB_hrz_tag-1.png\",\"contentUrl\":\"https:\\\/\\\/elmontgomery.com\\\/wp-content\\\/uploads\\\/2022\\\/09\\\/MA_RGB_hrz_tag-1.png\",\"width\":1833,\"height\":533,\"caption\":\"Montgomery &amp; Associates\"},\"image\":{\"@id\":\"https:\\\/\\\/elmontgomery.com\\\/#\\\/schema\\\/logo\\\/image\\\/\"},\"sameAs\":[\"https:\\\/\\\/www.linkedin.com\\\/company\\\/2434577\\\/\"]},{\"@type\":\"Person\",\"@id\":\"https:\\\/\\\/elmontgomery.com\\\/#\\\/schema\\\/person\\\/b9fe077f13e0c822d1a4d4f7204b4463\",\"name\":\"Caryn Fogel\",\"image\":{\"@type\":\"ImageObject\",\"inLanguage\":\"es-CL\",\"@id\":\"https:\\\/\\\/elmontgomery.com\\\/wp-content\\\/litespeed\\\/avatar\\\/b35480ce8291aaa1d4aa5cfea7009977.jpg?ver=1777335544\",\"url\":\"https:\\\/\\\/elmontgomery.com\\\/wp-content\\\/litespeed\\\/avatar\\\/b35480ce8291aaa1d4aa5cfea7009977.jpg?ver=1777335544\",\"contentUrl\":\"https:\\\/\\\/elmontgomery.com\\\/wp-content\\\/litespeed\\\/avatar\\\/b35480ce8291aaa1d4aa5cfea7009977.jpg?ver=1777335544\",\"caption\":\"Caryn Fogel\"},\"url\":\"https:\\\/\\\/elmontgomery.com\\\/es\\\/author\\\/caryn\\\/\"}]}<\/script>\n<!-- \/ Yoast SEO plugin. -->","yoast_head_json":{"title":"M&amp;A lamenta la p\u00e9rdida de su amigo y colega Tom Meixner - Montgomery &amp; Associates","robots":{"index":"index","follow":"follow","max-snippet":"max-snippet:-1","max-image-preview":"max-image-preview:large","max-video-preview":"max-video-preview:-1"},"canonical":"https:\/\/elmontgomery.com\/es\/news\/ma-mourns-the-loss-of-friend-and-colleague-tom-meixner\/","og_locale":"es_ES","og_type":"article","og_title":"M&A mourns the loss of friend and colleague Tom Meixner - Montgomery &amp; Associates","og_description":"The M&amp;A family is grieving the loss of Tom Meixner, [...]","og_url":"https:\/\/elmontgomery.com\/es\/news\/ma-mourns-the-loss-of-friend-and-colleague-tom-meixner\/","og_site_name":"Montgomery &amp; Associates","article_published_time":"2022-10-07T16:17:23+00:00","og_image":[{"url":"https:\/\/elmontgomery.com\/wp-content\/uploads\/2022\/10\/Meixner-memorial-1024x856.jpg","type":"","width":"","height":""}],"author":"Caryn Fogel","twitter_card":"summary_large_image","twitter_misc":{"Escrito por":"Caryn Fogel","Tiempo estimado de lectura":"1 minuto"},"schema":{"@context":"https:\/\/schema.org","@graph":[{"@type":"Article","@id":"https:\/\/elmontgomery.com\/news\/ma-mourns-the-loss-of-friend-and-colleague-tom-meixner\/#article","isPartOf":{"@id":"https:\/\/elmontgomery.com\/news\/ma-mourns-the-loss-of-friend-and-colleague-tom-meixner\/"},"author":{"name":"Caryn Fogel","@id":"https:\/\/elmontgomery.com\/#\/schema\/person\/b9fe077f13e0c822d1a4d4f7204b4463"},"headline":"M&#038;A mourns the loss of friend and colleague Tom Meixner","datePublished":"2022-10-07T16:17:23+00:00","mainEntityOfPage":{"@id":"https:\/\/elmontgomery.com\/news\/ma-mourns-the-loss-of-friend-and-colleague-tom-meixner\/"},"wordCount":148,"publisher":{"@id":"https:\/\/elmontgomery.com\/#organization"},"image":{"@id":"https:\/\/elmontgomery.com\/news\/ma-mourns-the-loss-of-friend-and-colleague-tom-meixner\/#primaryimage"},"thumbnailUrl":"https:\/\/elmontgomery.com\/wp-content\/uploads\/2022\/10\/Meixner-memorial-1024x856.jpg","articleSection":["News"],"inLanguage":"es-CL"},{"@type":"WebPage","@id":"https:\/\/elmontgomery.com\/news\/ma-mourns-the-loss-of-friend-and-colleague-tom-meixner\/","url":"https:\/\/elmontgomery.com\/news\/ma-mourns-the-loss-of-friend-and-colleague-tom-meixner\/","name":"M&amp;A lamenta la p\u00e9rdida de su amigo y colega Tom Meixner - Montgomery &amp; Associates","isPartOf":{"@id":"https:\/\/elmontgomery.com\/#website"},"primaryImageOfPage":{"@id":"https:\/\/elmontgomery.com\/news\/ma-mourns-the-loss-of-friend-and-colleague-tom-meixner\/#primaryimage"},"image":{"@id":"https:\/\/elmontgomery.com\/news\/ma-mourns-the-loss-of-friend-and-colleague-tom-meixner\/#primaryimage"},"thumbnailUrl":"https:\/\/elmontgomery.com\/wp-content\/uploads\/2022\/10\/Meixner-memorial-1024x856.jpg","datePublished":"2022-10-07T16:17:23+00:00","breadcrumb":{"@id":"https:\/\/elmontgomery.com\/news\/ma-mourns-the-loss-of-friend-and-colleague-tom-meixner\/#breadcrumb"},"inLanguage":"es-CL","potentialAction":[{"@type":"ReadAction","target":["https:\/\/elmontgomery.com\/news\/ma-mourns-the-loss-of-friend-and-colleague-tom-meixner\/"]}]},{"@type":"ImageObject","inLanguage":"es-CL","@id":"https:\/\/elmontgomery.com\/news\/ma-mourns-the-loss-of-friend-and-colleague-tom-meixner\/#primaryimage","url":"https:\/\/elmontgomery.com\/wp-content\/uploads\/2022\/10\/Meixner-memorial-1024x856.jpg","contentUrl":"https:\/\/elmontgomery.com\/wp-content\/uploads\/2022\/10\/Meixner-memorial-1024x856.jpg"},{"@type":"BreadcrumbList","@id":"https:\/\/elmontgomery.com\/news\/ma-mourns-the-loss-of-friend-and-colleague-tom-meixner\/#breadcrumb","itemListElement":[{"@type":"ListItem","position":1,"name":"Home","item":"https:\/\/elmontgomery.com\/"},{"@type":"ListItem","position":2,"name":"News","item":"https:\/\/elmontgomery.com\/category\/news\/"},{"@type":"ListItem","position":3,"name":"M&#038;A mourns the loss of friend and colleague Tom Meixner"}]},{"@type":"WebSite","@id":"https:\/\/elmontgomery.com\/#website","url":"https:\/\/elmontgomery.com\/","name":"Montgomery y asociados","description":"Consultores de recursos h\u00eddricos","publisher":{"@id":"https:\/\/elmontgomery.com\/#organization"},"potentialAction":[{"@type":"SearchAction","target":{"@type":"EntryPoint","urlTemplate":"https:\/\/elmontgomery.com\/?s={search_term_string}"},"query-input":{"@type":"PropertyValueSpecification","valueRequired":true,"valueName":"search_term_string"}}],"inLanguage":"es-CL"},{"@type":"Organization","@id":"https:\/\/elmontgomery.com\/#organization","name":"Montgomery y asociados","url":"https:\/\/elmontgomery.com\/","logo":{"@type":"ImageObject","inLanguage":"es-CL","@id":"https:\/\/elmontgomery.com\/#\/schema\/logo\/image\/","url":"https:\/\/elmontgomery.com\/wp-content\/uploads\/2022\/09\/MA_RGB_hrz_tag-1.png","contentUrl":"https:\/\/elmontgomery.com\/wp-content\/uploads\/2022\/09\/MA_RGB_hrz_tag-1.png","width":1833,"height":533,"caption":"Montgomery &amp; Associates"},"image":{"@id":"https:\/\/elmontgomery.com\/#\/schema\/logo\/image\/"},"sameAs":["https:\/\/www.linkedin.com\/company\/2434577\/"]},{"@type":"Person","@id":"https:\/\/elmontgomery.com\/#\/schema\/person\/b9fe077f13e0c822d1a4d4f7204b4463","name":"Caryn Fogel","image":{"@type":"ImageObject","inLanguage":"es-CL","@id":"https:\/\/elmontgomery.com\/wp-content\/litespeed\/avatar\/b35480ce8291aaa1d4aa5cfea7009977.jpg?ver=1777335544","url":"https:\/\/elmontgomery.com\/wp-content\/litespeed\/avatar\/b35480ce8291aaa1d4aa5cfea7009977.jpg?ver=1777335544","contentUrl":"https:\/\/elmontgomery.com\/wp-content\/litespeed\/avatar\/b35480ce8291aaa1d4aa5cfea7009977.jpg?ver=1777335544","caption":"Caryn Fogel"},"url":"https:\/\/elmontgomery.com\/es\/author\/caryn\/"}]}},"_links":{"self":[{"href":"https:\/\/elmontgomery.com\/es\/wp-json\/wp\/v2\/posts\/8832","targetHints":{"allow":["GET"]}}],"collection":[{"href":"https:\/\/elmontgomery.com\/es\/wp-json\/wp\/v2\/posts"}],"about":[{"href":"https:\/\/elmontgomery.com\/es\/wp-json\/wp\/v2\/types\/post"}],"author":[{"embeddable":true,"href":"https:\/\/elmontgomery.com\/es\/wp-json\/wp\/v2\/users\/4"}],"replies":[{"embeddable":true,"href":"https:\/\/elmontgomery.com\/es\/wp-json\/wp\/v2\/comments?post=8832"}],"version-history":[{"count":0,"href":"https:\/\/elmontgomery.com\/es\/wp-json\/wp\/v2\/posts\/8832\/revisions"}],"wp:attachment":[{"href":"https:\/\/elmontgomery.com\/es\/wp-json\/wp\/v2\/media?parent=8832"}],"wp:term":[{"taxonomy":"category","embeddable":true,"href":"https:\/\/elmontgomery.com\/es\/wp-json\/wp\/v2\/categories?post=8832"},{"taxonomy":"post_tag","embeddable":true,"href":"https:\/\/elmontgomery.com\/es\/wp-json\/wp\/v2\/tags?post=8832"}],"curies":[{"name":"Gracias","href":"https:\/\/api.w.org\/{rel}","templated":true}]}}