{"id":4872,"date":"2020-02-04T16:21:59","date_gmt":"2020-02-04T23:21:59","guid":{"rendered":"http:\/\/elmontgomery.com\/?p=4872"},"modified":"2020-02-04T16:21:59","modified_gmt":"2020-02-04T23:21:59","slug":"ma-attends-sme-annual-conference-and-expo","status":"publish","type":"post","link":"https:\/\/elmontgomery.com\/es\/news\/ma-attends-sme-annual-conference-and-expo\/","title":{"rendered":"M&amp;A asiste a la Conferencia y Exposici\u00f3n Anual de PYMES"},"content":{"rendered":"<p><img decoding=\"async\" class=\"lazyload aligncenter size-large wp-image-4890\" src=\"data:image\/svg+xml,%3Csvg%20xmlns%3D%27http%3A%2F%2Fwww.w3.org%2F2000%2Fsvg%27%20width%3D%27625%27%20height%3D%27391%27%20viewBox%3D%270%200%20625%20391%27%3E%3Crect%20width%3D%27625%27%20height%3D%27391%27%20fill-opacity%3D%220%22%2F%3E%3C%2Fsvg%3E\" data-orig-src=\"https:\/\/elmontgomery.com\/wp-content\/uploads\/2022\/11\/SME-conference-social-media-C-3-1024x640.png\" alt=\"\" width=\"625\" height=\"391\" \/>Montgomery &amp; Associates se complace en participar en <a href=\"https:\/\/www.smeannualconference.com\/\" data-no-translation=\"\">MineXchange<\/a>, la Conferencia y Exposici\u00f3n Anual 2020 de la Sociedad de Miner\u00eda, Metalurgia y Exploraci\u00f3n (SME). La conferencia se llevar\u00e1 a cabo en el Centro de Convenciones de Phoenix del 23 al 26 de febrero.<\/p>\n<p>Los representantes de M&amp;A en la conferencia ser\u00e1n <a href=\"https:\/\/elmontgomery.com\/company\/staff\/christopher-peters\/\" data-no-translation=\"\">Chris Peters<\/a>, PG, hidroge\u00f3logo senior en la oficina de Tucson; <a href=\"https:\/\/elmontgomery.com\/company\/staff\/tim-bayley\/\" data-no-translation=\"\">Tim Bayley, Ph.D.<\/a>, hidroge\u00f3logo principal en Tucson; <a href=\"https:\/\/elmontgomery.com\/company\/staff\/chris-cottingham\/\" data-no-translation=\"\">Chris Cottingham<\/a>, hidroge\u00f3logo principal y gerente de operaciones de Utah\/Nevada; <a href=\"https:\/\/elmontgomery.com\/company\/staff\/paul-williams\/\" data-no-translation=\"\">Paul Williams, P.G.<\/a>, hidroge\u00f3logo senior en Salt Lake City; <a href=\"https:\/\/elmontgomery.com\/company\/staff\/paul-pettit\/\" data-no-translation=\"\">Paul Pettit<\/a>, hidroge\u00f3logo minero senior en Elko; y Megan Zivic, PG, hidroge\u00f3loga en Tucson. <a href=\"https:\/\/elmontgomery.com\/company\/staff\/manuel-merino\/\" data-no-translation=\"\">Manuel Merino<\/a>, ingeniero hidr\u00f3logo en Tucson, tambi\u00e9n asistir\u00e1 a uno de los cursos ofrecidos durante la conferencia.<\/p>\n<p>MineXchange presenta una variedad de sesiones t\u00e9cnicas y oradores y atrae a miles de profesionales de la miner\u00eda de todo el mundo. Los temas de las sesiones t\u00e9cnicas incluyen carb\u00f3n y energ\u00eda; minerales cr\u00edticos; ambiental; salud y seguridad; innovaci\u00f3n y tecnolog\u00eda; gesti\u00f3n de proyectos y mucho m\u00e1s.<\/p>\n<p>Los profesionales de fusiones y adquisiciones esperan establecer contactos con los clientes en MineXchange, as\u00ed que vis\u00edtenos en el stand 239. Para obtener m\u00e1s informaci\u00f3n sobre la conferencia, comun\u00edquese con <a href=\"mailto:ccpeters@elmontgomery.com\" data-no-translation=\"\">Chris<\/a> Peters. Para m\u00e1s informaci\u00f3n sobre los servicios de M&amp;A en <a href=\"https:\/\/elmontgomery.com\/services\/mining-hydrogeology\/\" data-no-translation=\"\">mining hydrogeology<\/a>, visite nuestra p\u00e1gina web de servicios.<\/p>","protected":false},"excerpt":{"rendered":"<p>Montgomery &amp; Associates is pleased to participate in MineXchange, the  [&#8230;]<\/p>\n","protected":false},"author":4,"featured_media":0,"comment_status":"closed","ping_status":"closed","sticky":false,"template":"","format":"standard","meta":{"footnotes":""},"categories":[7],"tags":[],"class_list":["post-4872","post","type-post","status-publish","format-standard","hentry","category-news"],"yoast_head":"<!-- This site is optimized with the Yoast SEO plugin v27.4 - https:\/\/yoast.com\/product\/yoast-seo-wordpress\/ -->\n<title>M&amp;A attends SME Annual Conference and Expo - Montgomery &amp; Associates<\/title>\n<meta name=\"robots\" content=\"index, follow, max-snippet:-1, max-image-preview:large, max-video-preview:-1\" \/>\n<link rel=\"canonical\" href=\"https:\/\/elmontgomery.com\/es\/news\/ma-attends-sme-annual-conference-and-expo\/\" \/>\n<meta property=\"og:locale\" content=\"es_ES\" \/>\n<meta property=\"og:type\" content=\"article\" \/>\n<meta property=\"og:title\" content=\"M&amp;A attends SME Annual Conference and Expo - Montgomery &amp; Associates\" \/>\n<meta property=\"og:description\" content=\"Montgomery &amp; Associates is pleased to participate in MineXchange, the [...]\" \/>\n<meta property=\"og:url\" content=\"https:\/\/elmontgomery.com\/es\/news\/ma-attends-sme-annual-conference-and-expo\/\" \/>\n<meta property=\"og:site_name\" content=\"Montgomery &amp; Associates\" \/>\n<meta property=\"article:published_time\" content=\"2020-02-04T23:21:59+00:00\" \/>\n<meta property=\"og:image\" content=\"https:\/\/elmontgomery.com\/wp-content\/uploads\/2022\/11\/SME-conference-social-media-C-3-1024x640.png\" \/>\n<meta name=\"author\" content=\"Caryn Fogel\" \/>\n<meta name=\"twitter:card\" content=\"summary_large_image\" \/>\n<meta name=\"twitter:label1\" content=\"Escrito por\" \/>\n\t<meta name=\"twitter:data1\" content=\"Caryn Fogel\" \/>\n\t<meta name=\"twitter:label2\" content=\"Tiempo estimado de lectura\" \/>\n\t<meta name=\"twitter:data2\" content=\"1 minuto\" \/>\n<script type=\"application\/ld+json\" class=\"yoast-schema-graph\">{\"@context\":\"https:\\\/\\\/schema.org\",\"@graph\":[{\"@type\":\"Article\",\"@id\":\"https:\\\/\\\/elmontgomery.com\\\/news\\\/ma-attends-sme-annual-conference-and-expo\\\/#article\",\"isPartOf\":{\"@id\":\"https:\\\/\\\/elmontgomery.com\\\/news\\\/ma-attends-sme-annual-conference-and-expo\\\/\"},\"author\":{\"name\":\"Caryn Fogel\",\"@id\":\"https:\\\/\\\/elmontgomery.com\\\/#\\\/schema\\\/person\\\/b9fe077f13e0c822d1a4d4f7204b4463\"},\"headline\":\"M&#038;A attends SME Annual Conference and Expo\",\"datePublished\":\"2020-02-04T23:21:59+00:00\",\"mainEntityOfPage\":{\"@id\":\"https:\\\/\\\/elmontgomery.com\\\/news\\\/ma-attends-sme-annual-conference-and-expo\\\/\"},\"wordCount\":205,\"publisher\":{\"@id\":\"https:\\\/\\\/elmontgomery.com\\\/#organization\"},\"image\":{\"@id\":\"https:\\\/\\\/elmontgomery.com\\\/news\\\/ma-attends-sme-annual-conference-and-expo\\\/#primaryimage\"},\"thumbnailUrl\":\"https:\\\/\\\/elmontgomery.com\\\/wp-content\\\/uploads\\\/2022\\\/11\\\/SME-conference-social-media-C-3-1024x640.png\",\"articleSection\":[\"News\"],\"inLanguage\":\"es-CL\"},{\"@type\":\"WebPage\",\"@id\":\"https:\\\/\\\/elmontgomery.com\\\/news\\\/ma-attends-sme-annual-conference-and-expo\\\/\",\"url\":\"https:\\\/\\\/elmontgomery.com\\\/news\\\/ma-attends-sme-annual-conference-and-expo\\\/\",\"name\":\"M&A attends SME Annual Conference and Expo - Montgomery &amp; Associates\",\"isPartOf\":{\"@id\":\"https:\\\/\\\/elmontgomery.com\\\/#website\"},\"primaryImageOfPage\":{\"@id\":\"https:\\\/\\\/elmontgomery.com\\\/news\\\/ma-attends-sme-annual-conference-and-expo\\\/#primaryimage\"},\"image\":{\"@id\":\"https:\\\/\\\/elmontgomery.com\\\/news\\\/ma-attends-sme-annual-conference-and-expo\\\/#primaryimage\"},\"thumbnailUrl\":\"https:\\\/\\\/elmontgomery.com\\\/wp-content\\\/uploads\\\/2022\\\/11\\\/SME-conference-social-media-C-3-1024x640.png\",\"datePublished\":\"2020-02-04T23:21:59+00:00\",\"breadcrumb\":{\"@id\":\"https:\\\/\\\/elmontgomery.com\\\/news\\\/ma-attends-sme-annual-conference-and-expo\\\/#breadcrumb\"},\"inLanguage\":\"es-CL\",\"potentialAction\":[{\"@type\":\"ReadAction\",\"target\":[\"https:\\\/\\\/elmontgomery.com\\\/news\\\/ma-attends-sme-annual-conference-and-expo\\\/\"]}]},{\"@type\":\"ImageObject\",\"inLanguage\":\"es-CL\",\"@id\":\"https:\\\/\\\/elmontgomery.com\\\/news\\\/ma-attends-sme-annual-conference-and-expo\\\/#primaryimage\",\"url\":\"https:\\\/\\\/elmontgomery.com\\\/wp-content\\\/uploads\\\/2022\\\/11\\\/SME-conference-social-media-C-3-1024x640.png\",\"contentUrl\":\"https:\\\/\\\/elmontgomery.com\\\/wp-content\\\/uploads\\\/2022\\\/11\\\/SME-conference-social-media-C-3-1024x640.png\"},{\"@type\":\"BreadcrumbList\",\"@id\":\"https:\\\/\\\/elmontgomery.com\\\/news\\\/ma-attends-sme-annual-conference-and-expo\\\/#breadcrumb\",\"itemListElement\":[{\"@type\":\"ListItem\",\"position\":1,\"name\":\"Home\",\"item\":\"https:\\\/\\\/elmontgomery.com\\\/\"},{\"@type\":\"ListItem\",\"position\":2,\"name\":\"News\",\"item\":\"https:\\\/\\\/elmontgomery.com\\\/category\\\/news\\\/\"},{\"@type\":\"ListItem\",\"position\":3,\"name\":\"M&#038;A attends SME Annual Conference and Expo\"}]},{\"@type\":\"WebSite\",\"@id\":\"https:\\\/\\\/elmontgomery.com\\\/#website\",\"url\":\"https:\\\/\\\/elmontgomery.com\\\/\",\"name\":\"Montgomery &amp; Associates\",\"description\":\"Water Resource Consultants\",\"publisher\":{\"@id\":\"https:\\\/\\\/elmontgomery.com\\\/#organization\"},\"potentialAction\":[{\"@type\":\"SearchAction\",\"target\":{\"@type\":\"EntryPoint\",\"urlTemplate\":\"https:\\\/\\\/elmontgomery.com\\\/?s={search_term_string}\"},\"query-input\":{\"@type\":\"PropertyValueSpecification\",\"valueRequired\":true,\"valueName\":\"search_term_string\"}}],\"inLanguage\":\"es-CL\"},{\"@type\":\"Organization\",\"@id\":\"https:\\\/\\\/elmontgomery.com\\\/#organization\",\"name\":\"Montgomery &amp; Associates\",\"url\":\"https:\\\/\\\/elmontgomery.com\\\/\",\"logo\":{\"@type\":\"ImageObject\",\"inLanguage\":\"es-CL\",\"@id\":\"https:\\\/\\\/elmontgomery.com\\\/#\\\/schema\\\/logo\\\/image\\\/\",\"url\":\"https:\\\/\\\/elmontgomery.com\\\/wp-content\\\/uploads\\\/2022\\\/09\\\/MA_RGB_hrz_tag-1.png\",\"contentUrl\":\"https:\\\/\\\/elmontgomery.com\\\/wp-content\\\/uploads\\\/2022\\\/09\\\/MA_RGB_hrz_tag-1.png\",\"width\":1833,\"height\":533,\"caption\":\"Montgomery &amp; Associates\"},\"image\":{\"@id\":\"https:\\\/\\\/elmontgomery.com\\\/#\\\/schema\\\/logo\\\/image\\\/\"},\"sameAs\":[\"https:\\\/\\\/www.linkedin.com\\\/company\\\/2434577\\\/\"]},{\"@type\":\"Person\",\"@id\":\"https:\\\/\\\/elmontgomery.com\\\/#\\\/schema\\\/person\\\/b9fe077f13e0c822d1a4d4f7204b4463\",\"name\":\"Caryn Fogel\",\"image\":{\"@type\":\"ImageObject\",\"inLanguage\":\"es-CL\",\"@id\":\"https:\\\/\\\/elmontgomery.com\\\/wp-content\\\/litespeed\\\/avatar\\\/b35480ce8291aaa1d4aa5cfea7009977.jpg?ver=1777335544\",\"url\":\"https:\\\/\\\/elmontgomery.com\\\/wp-content\\\/litespeed\\\/avatar\\\/b35480ce8291aaa1d4aa5cfea7009977.jpg?ver=1777335544\",\"contentUrl\":\"https:\\\/\\\/elmontgomery.com\\\/wp-content\\\/litespeed\\\/avatar\\\/b35480ce8291aaa1d4aa5cfea7009977.jpg?ver=1777335544\",\"caption\":\"Caryn Fogel\"},\"url\":\"https:\\\/\\\/elmontgomery.com\\\/es\\\/author\\\/caryn\\\/\"}]}<\/script>\n<!-- \/ Yoast SEO plugin. -->","yoast_head_json":{"title":"M&amp;A asiste a la Conferencia y Exposici\u00f3n Anual de PYMES - Montgomery &amp; Associates","robots":{"index":"index","follow":"follow","max-snippet":"max-snippet:-1","max-image-preview":"max-image-preview:large","max-video-preview":"max-video-preview:-1"},"canonical":"https:\/\/elmontgomery.com\/es\/news\/ma-attends-sme-annual-conference-and-expo\/","og_locale":"es_ES","og_type":"article","og_title":"M&A attends SME Annual Conference and Expo - Montgomery &amp; Associates","og_description":"Montgomery &amp; Associates is pleased to participate in MineXchange, the [...]","og_url":"https:\/\/elmontgomery.com\/es\/news\/ma-attends-sme-annual-conference-and-expo\/","og_site_name":"Montgomery &amp; Associates","article_published_time":"2020-02-04T23:21:59+00:00","og_image":[{"url":"https:\/\/elmontgomery.com\/wp-content\/uploads\/2022\/11\/SME-conference-social-media-C-3-1024x640.png","type":"","width":"","height":""}],"author":"Caryn Fogel","twitter_card":"summary_large_image","twitter_misc":{"Escrito por":"Caryn Fogel","Tiempo estimado de lectura":"1 minuto"},"schema":{"@context":"https:\/\/schema.org","@graph":[{"@type":"Article","@id":"https:\/\/elmontgomery.com\/news\/ma-attends-sme-annual-conference-and-expo\/#article","isPartOf":{"@id":"https:\/\/elmontgomery.com\/news\/ma-attends-sme-annual-conference-and-expo\/"},"author":{"name":"Caryn Fogel","@id":"https:\/\/elmontgomery.com\/#\/schema\/person\/b9fe077f13e0c822d1a4d4f7204b4463"},"headline":"M&#038;A attends SME Annual Conference and Expo","datePublished":"2020-02-04T23:21:59+00:00","mainEntityOfPage":{"@id":"https:\/\/elmontgomery.com\/news\/ma-attends-sme-annual-conference-and-expo\/"},"wordCount":205,"publisher":{"@id":"https:\/\/elmontgomery.com\/#organization"},"image":{"@id":"https:\/\/elmontgomery.com\/news\/ma-attends-sme-annual-conference-and-expo\/#primaryimage"},"thumbnailUrl":"https:\/\/elmontgomery.com\/wp-content\/uploads\/2022\/11\/SME-conference-social-media-C-3-1024x640.png","articleSection":["News"],"inLanguage":"es-CL"},{"@type":"WebPage","@id":"https:\/\/elmontgomery.com\/news\/ma-attends-sme-annual-conference-and-expo\/","url":"https:\/\/elmontgomery.com\/news\/ma-attends-sme-annual-conference-and-expo\/","name":"M&amp;A asiste a la Conferencia y Exposici\u00f3n Anual de PYMES - Montgomery &amp; Associates","isPartOf":{"@id":"https:\/\/elmontgomery.com\/#website"},"primaryImageOfPage":{"@id":"https:\/\/elmontgomery.com\/news\/ma-attends-sme-annual-conference-and-expo\/#primaryimage"},"image":{"@id":"https:\/\/elmontgomery.com\/news\/ma-attends-sme-annual-conference-and-expo\/#primaryimage"},"thumbnailUrl":"https:\/\/elmontgomery.com\/wp-content\/uploads\/2022\/11\/SME-conference-social-media-C-3-1024x640.png","datePublished":"2020-02-04T23:21:59+00:00","breadcrumb":{"@id":"https:\/\/elmontgomery.com\/news\/ma-attends-sme-annual-conference-and-expo\/#breadcrumb"},"inLanguage":"es-CL","potentialAction":[{"@type":"ReadAction","target":["https:\/\/elmontgomery.com\/news\/ma-attends-sme-annual-conference-and-expo\/"]}]},{"@type":"ImageObject","inLanguage":"es-CL","@id":"https:\/\/elmontgomery.com\/news\/ma-attends-sme-annual-conference-and-expo\/#primaryimage","url":"https:\/\/elmontgomery.com\/wp-content\/uploads\/2022\/11\/SME-conference-social-media-C-3-1024x640.png","contentUrl":"https:\/\/elmontgomery.com\/wp-content\/uploads\/2022\/11\/SME-conference-social-media-C-3-1024x640.png"},{"@type":"BreadcrumbList","@id":"https:\/\/elmontgomery.com\/news\/ma-attends-sme-annual-conference-and-expo\/#breadcrumb","itemListElement":[{"@type":"ListItem","position":1,"name":"Home","item":"https:\/\/elmontgomery.com\/"},{"@type":"ListItem","position":2,"name":"News","item":"https:\/\/elmontgomery.com\/category\/news\/"},{"@type":"ListItem","position":3,"name":"M&#038;A attends SME Annual Conference and Expo"}]},{"@type":"WebSite","@id":"https:\/\/elmontgomery.com\/#website","url":"https:\/\/elmontgomery.com\/","name":"Montgomery y asociados","description":"Consultores de recursos h\u00eddricos","publisher":{"@id":"https:\/\/elmontgomery.com\/#organization"},"potentialAction":[{"@type":"SearchAction","target":{"@type":"EntryPoint","urlTemplate":"https:\/\/elmontgomery.com\/?s={search_term_string}"},"query-input":{"@type":"PropertyValueSpecification","valueRequired":true,"valueName":"search_term_string"}}],"inLanguage":"es-CL"},{"@type":"Organization","@id":"https:\/\/elmontgomery.com\/#organization","name":"Montgomery y asociados","url":"https:\/\/elmontgomery.com\/","logo":{"@type":"ImageObject","inLanguage":"es-CL","@id":"https:\/\/elmontgomery.com\/#\/schema\/logo\/image\/","url":"https:\/\/elmontgomery.com\/wp-content\/uploads\/2022\/09\/MA_RGB_hrz_tag-1.png","contentUrl":"https:\/\/elmontgomery.com\/wp-content\/uploads\/2022\/09\/MA_RGB_hrz_tag-1.png","width":1833,"height":533,"caption":"Montgomery &amp; Associates"},"image":{"@id":"https:\/\/elmontgomery.com\/#\/schema\/logo\/image\/"},"sameAs":["https:\/\/www.linkedin.com\/company\/2434577\/"]},{"@type":"Person","@id":"https:\/\/elmontgomery.com\/#\/schema\/person\/b9fe077f13e0c822d1a4d4f7204b4463","name":"Caryn Fogel","image":{"@type":"ImageObject","inLanguage":"es-CL","@id":"https:\/\/elmontgomery.com\/wp-content\/litespeed\/avatar\/b35480ce8291aaa1d4aa5cfea7009977.jpg?ver=1777335544","url":"https:\/\/elmontgomery.com\/wp-content\/litespeed\/avatar\/b35480ce8291aaa1d4aa5cfea7009977.jpg?ver=1777335544","contentUrl":"https:\/\/elmontgomery.com\/wp-content\/litespeed\/avatar\/b35480ce8291aaa1d4aa5cfea7009977.jpg?ver=1777335544","caption":"Caryn Fogel"},"url":"https:\/\/elmontgomery.com\/es\/author\/caryn\/"}]}},"_links":{"self":[{"href":"https:\/\/elmontgomery.com\/es\/wp-json\/wp\/v2\/posts\/4872","targetHints":{"allow":["GET"]}}],"collection":[{"href":"https:\/\/elmontgomery.com\/es\/wp-json\/wp\/v2\/posts"}],"about":[{"href":"https:\/\/elmontgomery.com\/es\/wp-json\/wp\/v2\/types\/post"}],"author":[{"embeddable":true,"href":"https:\/\/elmontgomery.com\/es\/wp-json\/wp\/v2\/users\/4"}],"replies":[{"embeddable":true,"href":"https:\/\/elmontgomery.com\/es\/wp-json\/wp\/v2\/comments?post=4872"}],"version-history":[{"count":0,"href":"https:\/\/elmontgomery.com\/es\/wp-json\/wp\/v2\/posts\/4872\/revisions"}],"wp:attachment":[{"href":"https:\/\/elmontgomery.com\/es\/wp-json\/wp\/v2\/media?parent=4872"}],"wp:term":[{"taxonomy":"category","embeddable":true,"href":"https:\/\/elmontgomery.com\/es\/wp-json\/wp\/v2\/categories?post=4872"},{"taxonomy":"post_tag","embeddable":true,"href":"https:\/\/elmontgomery.com\/es\/wp-json\/wp\/v2\/tags?post=4872"}],"curies":[{"name":"Gracias","href":"https:\/\/api.w.org\/{rel}","templated":true}]}}