{"id":4454,"date":"2019-08-16T09:56:09","date_gmt":"2019-08-16T16:56:09","guid":{"rendered":"http:\/\/elmontgomery.com\/?p=4454"},"modified":"2019-08-16T09:56:09","modified_gmt":"2019-08-16T16:56:09","slug":"ma-gears-up-for-2019-western-groundwater-congress","status":"publish","type":"post","link":"https:\/\/elmontgomery.com\/es\/news\/ma-gears-up-for-2019-western-groundwater-congress\/","title":{"rendered":"M&amp;A se prepara para el Congreso de Aguas Subterr\u00e1neas del Oeste 2019"},"content":{"rendered":"<p>Los profesionales de fusiones y adquisiciones se est\u00e1n preparando para el segundo Congreso Anual de Aguas Subterr\u00e1neas del Oeste, organizado por la Asociaci\u00f3n de Recursos de Aguas Subterr\u00e1neas. Celebrada en Sacramento, del 17 al 19 de septiembre, la conferencia constar\u00e1 de tres d\u00edas de sesiones t\u00e9cnicas y talleres a trav\u00e9s de cuatro temas simult\u00e1neos sobre SGMA, recursos h\u00eddricos, contaminantes y temas especiales como agricultura y One Water.<\/p>\n<p><a href=\"http:\/\/elmontgomery.com\/wp-content\/uploads\/2019\/08\/WGC-2019-Flyer-final.pdf\" data-no-translation=\"\"><img decoding=\"async\" class=\"lazyload wp-image-4455 size-medium alignleft\" src=\"data:image\/svg+xml,%3Csvg%20xmlns%3D%27http%3A%2F%2Fwww.w3.org%2F2000%2Fsvg%27%20width%3D%27232%27%20height%3D%27300%27%20viewBox%3D%270%200%20232%20300%27%3E%3Crect%20width%3D%27232%27%20height%3D%27300%27%20fill-opacity%3D%220%22%2F%3E%3C%2Fsvg%3E\" data-orig-src=\"https:\/\/elmontgomery.com\/wp-content\/uploads\/2022\/11\/WGC-2019-Flyer-final_Page_1-232x300.jpg\" alt=\"\" width=\"232\" height=\"300\" \/><\/a><\/p>\n<p>M&amp;A es un orgulloso patrocinador y participante de este evento. <a href=\"https:\/\/elmontgomery.com\/company\/staff\/lisa-porta\/\" data-no-translation=\"\">Lisa Porta<\/a> moderar\u00e1 una sesi\u00f3n sobre las perspectivas estatales sobre la gesti\u00f3n de aguas subterr\u00e1neas con oradores de Colorado, Arizona, Texas y Nuevo M\u00e9xico. <a href=\"https:\/\/elmontgomery.com\/company\/staff\/mark-cross\/\" target=\"_blank\" rel=\"noopener noreferrer\" data-no-translation=\"\">Mark Cross<\/a>\u00a0presentar\u00e1 sobre la recarga de acu\u00edferos administrados en Arizona, y <a href=\"https:\/\/elmontgomery.com\/company\/staff\/cameron-tana\/\" data-no-translation=\"\">Cameron Tana<\/a> presentar\u00e1 sobre cambio clim\u00e1tico y Planes de Sostenibilidad de Aguas Subterr\u00e1neas. melissa marshall de <em>Presente su ciencia<\/em>, conocida por su charla TED &quot;Talk Nerdy to Me&quot;, dar\u00e1 inicio al WGC con una presentaci\u00f3n sobre c\u00f3mo inspirar a otros a trav\u00e9s de la comunicaci\u00f3n de la ciencia. Jornada t\u00e9cnica parcial (ver <a href=\"https:\/\/www.grac.org\/2019-wgc-draft-agenda\/\" data-no-translation=\"\">agenda<\/a>), y en parte el espacio de colaboraci\u00f3n y networking, los colegas aprender\u00e1n sobre las \u00faltimas tendencias de la industria de aguas subterr\u00e1neas mientras disfrutan de actividades de bienestar, noches de casino y horas sociales con cervecer\u00edas locales. Los talleres incluyen aprendizaje pr\u00e1ctico sobre el muestreo de PFA, un viaje de campo de medici\u00f3n de flujo y comunicaci\u00f3n y desarrollo profesional. O sum\u00e9rgete en la maleza con el primer taller sobre el nexo entre el cannabis y las aguas subterr\u00e1neas. Visitar <a href=\"http:\/\/www.grac.org\/events\/228\/\" data-no-translation=\"\">www.grac.org\/events\/228<\/a> para m\u00e1s informaci\u00f3n.<\/p>","protected":false},"excerpt":{"rendered":"<p>M&amp;A professionals are gearing up for the second annual Western  [&#8230;]<\/p>\n","protected":false},"author":4,"featured_media":0,"comment_status":"closed","ping_status":"closed","sticky":false,"template":"","format":"standard","meta":{"footnotes":""},"categories":[7],"tags":[],"class_list":["post-4454","post","type-post","status-publish","format-standard","hentry","category-news"],"yoast_head":"<!-- This site is optimized with the Yoast SEO plugin v27.4 - https:\/\/yoast.com\/product\/yoast-seo-wordpress\/ -->\n<title>M&amp;A gears up for 2019 Western Groundwater Congress - Montgomery &amp; Associates<\/title>\n<meta name=\"description\" content=\"M&amp;A professionals are gearing up for the second annual Western Groundwater Congress, hosted by the Groundwater Resources Association. Held in Sacramento, September 17-19, the conference will consist of three days of technical sessions and workshops.\" \/>\n<meta name=\"robots\" content=\"index, follow, max-snippet:-1, max-image-preview:large, max-video-preview:-1\" \/>\n<link rel=\"canonical\" href=\"https:\/\/elmontgomery.com\/es\/news\/ma-gears-up-for-2019-western-groundwater-congress\/\" \/>\n<meta property=\"og:locale\" content=\"es_ES\" \/>\n<meta property=\"og:type\" content=\"article\" \/>\n<meta property=\"og:title\" content=\"M&amp;A gears up for 2019 Western Groundwater Congress - Montgomery &amp; Associates\" \/>\n<meta property=\"og:description\" content=\"M&amp;A professionals are gearing up for the second annual Western Groundwater Congress, hosted by the Groundwater Resources Association. Held in Sacramento, September 17-19, the conference will consist of three days of technical sessions and workshops.\" \/>\n<meta property=\"og:url\" content=\"https:\/\/elmontgomery.com\/es\/news\/ma-gears-up-for-2019-western-groundwater-congress\/\" \/>\n<meta property=\"og:site_name\" content=\"Montgomery &amp; Associates\" \/>\n<meta property=\"article:published_time\" content=\"2019-08-16T16:56:09+00:00\" \/>\n<meta property=\"og:image\" content=\"https:\/\/elmontgomery.com\/wp-content\/uploads\/2022\/11\/WGC-2019-Flyer-final_Page_1-232x300.jpg\" \/>\n<meta name=\"author\" content=\"Caryn Fogel\" \/>\n<meta name=\"twitter:card\" content=\"summary_large_image\" \/>\n<meta name=\"twitter:label1\" content=\"Escrito por\" \/>\n\t<meta name=\"twitter:data1\" content=\"Caryn Fogel\" \/>\n\t<meta name=\"twitter:label2\" content=\"Tiempo estimado de lectura\" \/>\n\t<meta name=\"twitter:data2\" content=\"1 minuto\" \/>\n<script type=\"application\/ld+json\" class=\"yoast-schema-graph\">{\"@context\":\"https:\\\/\\\/schema.org\",\"@graph\":[{\"@type\":\"Article\",\"@id\":\"https:\\\/\\\/elmontgomery.com\\\/news\\\/ma-gears-up-for-2019-western-groundwater-congress\\\/#article\",\"isPartOf\":{\"@id\":\"https:\\\/\\\/elmontgomery.com\\\/news\\\/ma-gears-up-for-2019-western-groundwater-congress\\\/\"},\"author\":{\"name\":\"Caryn Fogel\",\"@id\":\"https:\\\/\\\/elmontgomery.com\\\/#\\\/schema\\\/person\\\/b9fe077f13e0c822d1a4d4f7204b4463\"},\"headline\":\"M&#038;A gears up for 2019 Western Groundwater Congress\",\"datePublished\":\"2019-08-16T16:56:09+00:00\",\"mainEntityOfPage\":{\"@id\":\"https:\\\/\\\/elmontgomery.com\\\/news\\\/ma-gears-up-for-2019-western-groundwater-congress\\\/\"},\"wordCount\":218,\"publisher\":{\"@id\":\"https:\\\/\\\/elmontgomery.com\\\/#organization\"},\"image\":{\"@id\":\"https:\\\/\\\/elmontgomery.com\\\/news\\\/ma-gears-up-for-2019-western-groundwater-congress\\\/#primaryimage\"},\"thumbnailUrl\":\"https:\\\/\\\/elmontgomery.com\\\/wp-content\\\/uploads\\\/2022\\\/11\\\/WGC-2019-Flyer-final_Page_1-232x300.jpg\",\"articleSection\":[\"News\"],\"inLanguage\":\"es-CL\"},{\"@type\":\"WebPage\",\"@id\":\"https:\\\/\\\/elmontgomery.com\\\/news\\\/ma-gears-up-for-2019-western-groundwater-congress\\\/\",\"url\":\"https:\\\/\\\/elmontgomery.com\\\/news\\\/ma-gears-up-for-2019-western-groundwater-congress\\\/\",\"name\":\"M&A gears up for 2019 Western Groundwater Congress - Montgomery &amp; Associates\",\"isPartOf\":{\"@id\":\"https:\\\/\\\/elmontgomery.com\\\/#website\"},\"primaryImageOfPage\":{\"@id\":\"https:\\\/\\\/elmontgomery.com\\\/news\\\/ma-gears-up-for-2019-western-groundwater-congress\\\/#primaryimage\"},\"image\":{\"@id\":\"https:\\\/\\\/elmontgomery.com\\\/news\\\/ma-gears-up-for-2019-western-groundwater-congress\\\/#primaryimage\"},\"thumbnailUrl\":\"https:\\\/\\\/elmontgomery.com\\\/wp-content\\\/uploads\\\/2022\\\/11\\\/WGC-2019-Flyer-final_Page_1-232x300.jpg\",\"datePublished\":\"2019-08-16T16:56:09+00:00\",\"description\":\"M&A professionals are gearing up for the second annual Western Groundwater Congress, hosted by the Groundwater Resources Association. Held in Sacramento, September 17-19, the conference will consist of three days of technical sessions and workshops.\",\"breadcrumb\":{\"@id\":\"https:\\\/\\\/elmontgomery.com\\\/news\\\/ma-gears-up-for-2019-western-groundwater-congress\\\/#breadcrumb\"},\"inLanguage\":\"es-CL\",\"potentialAction\":[{\"@type\":\"ReadAction\",\"target\":[\"https:\\\/\\\/elmontgomery.com\\\/news\\\/ma-gears-up-for-2019-western-groundwater-congress\\\/\"]}]},{\"@type\":\"ImageObject\",\"inLanguage\":\"es-CL\",\"@id\":\"https:\\\/\\\/elmontgomery.com\\\/news\\\/ma-gears-up-for-2019-western-groundwater-congress\\\/#primaryimage\",\"url\":\"https:\\\/\\\/elmontgomery.com\\\/wp-content\\\/uploads\\\/2022\\\/11\\\/WGC-2019-Flyer-final_Page_1-232x300.jpg\",\"contentUrl\":\"https:\\\/\\\/elmontgomery.com\\\/wp-content\\\/uploads\\\/2022\\\/11\\\/WGC-2019-Flyer-final_Page_1-232x300.jpg\"},{\"@type\":\"BreadcrumbList\",\"@id\":\"https:\\\/\\\/elmontgomery.com\\\/news\\\/ma-gears-up-for-2019-western-groundwater-congress\\\/#breadcrumb\",\"itemListElement\":[{\"@type\":\"ListItem\",\"position\":1,\"name\":\"Home\",\"item\":\"https:\\\/\\\/elmontgomery.com\\\/\"},{\"@type\":\"ListItem\",\"position\":2,\"name\":\"News\",\"item\":\"https:\\\/\\\/elmontgomery.com\\\/category\\\/news\\\/\"},{\"@type\":\"ListItem\",\"position\":3,\"name\":\"M&#038;A gears up for 2019 Western Groundwater Congress\"}]},{\"@type\":\"WebSite\",\"@id\":\"https:\\\/\\\/elmontgomery.com\\\/#website\",\"url\":\"https:\\\/\\\/elmontgomery.com\\\/\",\"name\":\"Montgomery &amp; Associates\",\"description\":\"Water Resource Consultants\",\"publisher\":{\"@id\":\"https:\\\/\\\/elmontgomery.com\\\/#organization\"},\"potentialAction\":[{\"@type\":\"SearchAction\",\"target\":{\"@type\":\"EntryPoint\",\"urlTemplate\":\"https:\\\/\\\/elmontgomery.com\\\/?s={search_term_string}\"},\"query-input\":{\"@type\":\"PropertyValueSpecification\",\"valueRequired\":true,\"valueName\":\"search_term_string\"}}],\"inLanguage\":\"es-CL\"},{\"@type\":\"Organization\",\"@id\":\"https:\\\/\\\/elmontgomery.com\\\/#organization\",\"name\":\"Montgomery &amp; Associates\",\"url\":\"https:\\\/\\\/elmontgomery.com\\\/\",\"logo\":{\"@type\":\"ImageObject\",\"inLanguage\":\"es-CL\",\"@id\":\"https:\\\/\\\/elmontgomery.com\\\/#\\\/schema\\\/logo\\\/image\\\/\",\"url\":\"https:\\\/\\\/elmontgomery.com\\\/wp-content\\\/uploads\\\/2022\\\/09\\\/MA_RGB_hrz_tag-1.png\",\"contentUrl\":\"https:\\\/\\\/elmontgomery.com\\\/wp-content\\\/uploads\\\/2022\\\/09\\\/MA_RGB_hrz_tag-1.png\",\"width\":1833,\"height\":533,\"caption\":\"Montgomery &amp; Associates\"},\"image\":{\"@id\":\"https:\\\/\\\/elmontgomery.com\\\/#\\\/schema\\\/logo\\\/image\\\/\"},\"sameAs\":[\"https:\\\/\\\/www.linkedin.com\\\/company\\\/2434577\\\/\"]},{\"@type\":\"Person\",\"@id\":\"https:\\\/\\\/elmontgomery.com\\\/#\\\/schema\\\/person\\\/b9fe077f13e0c822d1a4d4f7204b4463\",\"name\":\"Caryn Fogel\",\"image\":{\"@type\":\"ImageObject\",\"inLanguage\":\"es-CL\",\"@id\":\"https:\\\/\\\/elmontgomery.com\\\/wp-content\\\/litespeed\\\/avatar\\\/b35480ce8291aaa1d4aa5cfea7009977.jpg?ver=1777335544\",\"url\":\"https:\\\/\\\/elmontgomery.com\\\/wp-content\\\/litespeed\\\/avatar\\\/b35480ce8291aaa1d4aa5cfea7009977.jpg?ver=1777335544\",\"contentUrl\":\"https:\\\/\\\/elmontgomery.com\\\/wp-content\\\/litespeed\\\/avatar\\\/b35480ce8291aaa1d4aa5cfea7009977.jpg?ver=1777335544\",\"caption\":\"Caryn Fogel\"},\"url\":\"https:\\\/\\\/elmontgomery.com\\\/es\\\/author\\\/caryn\\\/\"}]}<\/script>\n<!-- \/ Yoast SEO plugin. -->","yoast_head_json":{"title":"Fusiones y Adquisiciones se prepara para el Congreso de Aguas Subterr\u00e1neas del Oeste de 2019 - Montgomery &amp; Associates","description":"Los profesionales de fusiones y adquisiciones se preparan para el segundo Congreso Anual de Aguas Subterr\u00e1neas del Oeste, organizado por la Asociaci\u00f3n de Recursos de Aguas Subterr\u00e1neas. Celebrado en Sacramento del 17 al 19 de septiembre, el congreso constar\u00e1 de tres d\u00edas de sesiones t\u00e9cnicas y talleres.","robots":{"index":"index","follow":"follow","max-snippet":"max-snippet:-1","max-image-preview":"max-image-preview:large","max-video-preview":"max-video-preview:-1"},"canonical":"https:\/\/elmontgomery.com\/es\/news\/ma-gears-up-for-2019-western-groundwater-congress\/","og_locale":"es_ES","og_type":"article","og_title":"M&A gears up for 2019 Western Groundwater Congress - Montgomery &amp; Associates","og_description":"M&A professionals are gearing up for the second annual Western Groundwater Congress, hosted by the Groundwater Resources Association. Held in Sacramento, September 17-19, the conference will consist of three days of technical sessions and workshops.","og_url":"https:\/\/elmontgomery.com\/es\/news\/ma-gears-up-for-2019-western-groundwater-congress\/","og_site_name":"Montgomery &amp; Associates","article_published_time":"2019-08-16T16:56:09+00:00","og_image":[{"url":"https:\/\/elmontgomery.com\/wp-content\/uploads\/2022\/11\/WGC-2019-Flyer-final_Page_1-232x300.jpg","type":"","width":"","height":""}],"author":"Caryn Fogel","twitter_card":"summary_large_image","twitter_misc":{"Escrito por":"Caryn Fogel","Tiempo estimado de lectura":"1 minuto"},"schema":{"@context":"https:\/\/schema.org","@graph":[{"@type":"Article","@id":"https:\/\/elmontgomery.com\/news\/ma-gears-up-for-2019-western-groundwater-congress\/#article","isPartOf":{"@id":"https:\/\/elmontgomery.com\/news\/ma-gears-up-for-2019-western-groundwater-congress\/"},"author":{"name":"Caryn Fogel","@id":"https:\/\/elmontgomery.com\/#\/schema\/person\/b9fe077f13e0c822d1a4d4f7204b4463"},"headline":"M&#038;A gears up for 2019 Western Groundwater Congress","datePublished":"2019-08-16T16:56:09+00:00","mainEntityOfPage":{"@id":"https:\/\/elmontgomery.com\/news\/ma-gears-up-for-2019-western-groundwater-congress\/"},"wordCount":218,"publisher":{"@id":"https:\/\/elmontgomery.com\/#organization"},"image":{"@id":"https:\/\/elmontgomery.com\/news\/ma-gears-up-for-2019-western-groundwater-congress\/#primaryimage"},"thumbnailUrl":"https:\/\/elmontgomery.com\/wp-content\/uploads\/2022\/11\/WGC-2019-Flyer-final_Page_1-232x300.jpg","articleSection":["News"],"inLanguage":"es-CL"},{"@type":"WebPage","@id":"https:\/\/elmontgomery.com\/news\/ma-gears-up-for-2019-western-groundwater-congress\/","url":"https:\/\/elmontgomery.com\/news\/ma-gears-up-for-2019-western-groundwater-congress\/","name":"Fusiones y Adquisiciones se prepara para el Congreso de Aguas Subterr\u00e1neas del Oeste de 2019 - Montgomery &amp; Associates","isPartOf":{"@id":"https:\/\/elmontgomery.com\/#website"},"primaryImageOfPage":{"@id":"https:\/\/elmontgomery.com\/news\/ma-gears-up-for-2019-western-groundwater-congress\/#primaryimage"},"image":{"@id":"https:\/\/elmontgomery.com\/news\/ma-gears-up-for-2019-western-groundwater-congress\/#primaryimage"},"thumbnailUrl":"https:\/\/elmontgomery.com\/wp-content\/uploads\/2022\/11\/WGC-2019-Flyer-final_Page_1-232x300.jpg","datePublished":"2019-08-16T16:56:09+00:00","description":"Los profesionales de fusiones y adquisiciones se preparan para el segundo Congreso Anual de Aguas Subterr\u00e1neas del Oeste, organizado por la Asociaci\u00f3n de Recursos de Aguas Subterr\u00e1neas. Celebrado en Sacramento del 17 al 19 de septiembre, el congreso constar\u00e1 de tres d\u00edas de sesiones t\u00e9cnicas y talleres.","breadcrumb":{"@id":"https:\/\/elmontgomery.com\/news\/ma-gears-up-for-2019-western-groundwater-congress\/#breadcrumb"},"inLanguage":"es-CL","potentialAction":[{"@type":"ReadAction","target":["https:\/\/elmontgomery.com\/news\/ma-gears-up-for-2019-western-groundwater-congress\/"]}]},{"@type":"ImageObject","inLanguage":"es-CL","@id":"https:\/\/elmontgomery.com\/news\/ma-gears-up-for-2019-western-groundwater-congress\/#primaryimage","url":"https:\/\/elmontgomery.com\/wp-content\/uploads\/2022\/11\/WGC-2019-Flyer-final_Page_1-232x300.jpg","contentUrl":"https:\/\/elmontgomery.com\/wp-content\/uploads\/2022\/11\/WGC-2019-Flyer-final_Page_1-232x300.jpg"},{"@type":"BreadcrumbList","@id":"https:\/\/elmontgomery.com\/news\/ma-gears-up-for-2019-western-groundwater-congress\/#breadcrumb","itemListElement":[{"@type":"ListItem","position":1,"name":"Home","item":"https:\/\/elmontgomery.com\/"},{"@type":"ListItem","position":2,"name":"News","item":"https:\/\/elmontgomery.com\/category\/news\/"},{"@type":"ListItem","position":3,"name":"M&#038;A gears up for 2019 Western Groundwater Congress"}]},{"@type":"WebSite","@id":"https:\/\/elmontgomery.com\/#website","url":"https:\/\/elmontgomery.com\/","name":"Montgomery y asociados","description":"Consultores de recursos h\u00eddricos","publisher":{"@id":"https:\/\/elmontgomery.com\/#organization"},"potentialAction":[{"@type":"SearchAction","target":{"@type":"EntryPoint","urlTemplate":"https:\/\/elmontgomery.com\/?s={search_term_string}"},"query-input":{"@type":"PropertyValueSpecification","valueRequired":true,"valueName":"search_term_string"}}],"inLanguage":"es-CL"},{"@type":"Organization","@id":"https:\/\/elmontgomery.com\/#organization","name":"Montgomery y asociados","url":"https:\/\/elmontgomery.com\/","logo":{"@type":"ImageObject","inLanguage":"es-CL","@id":"https:\/\/elmontgomery.com\/#\/schema\/logo\/image\/","url":"https:\/\/elmontgomery.com\/wp-content\/uploads\/2022\/09\/MA_RGB_hrz_tag-1.png","contentUrl":"https:\/\/elmontgomery.com\/wp-content\/uploads\/2022\/09\/MA_RGB_hrz_tag-1.png","width":1833,"height":533,"caption":"Montgomery &amp; Associates"},"image":{"@id":"https:\/\/elmontgomery.com\/#\/schema\/logo\/image\/"},"sameAs":["https:\/\/www.linkedin.com\/company\/2434577\/"]},{"@type":"Person","@id":"https:\/\/elmontgomery.com\/#\/schema\/person\/b9fe077f13e0c822d1a4d4f7204b4463","name":"Caryn Fogel","image":{"@type":"ImageObject","inLanguage":"es-CL","@id":"https:\/\/elmontgomery.com\/wp-content\/litespeed\/avatar\/b35480ce8291aaa1d4aa5cfea7009977.jpg?ver=1777335544","url":"https:\/\/elmontgomery.com\/wp-content\/litespeed\/avatar\/b35480ce8291aaa1d4aa5cfea7009977.jpg?ver=1777335544","contentUrl":"https:\/\/elmontgomery.com\/wp-content\/litespeed\/avatar\/b35480ce8291aaa1d4aa5cfea7009977.jpg?ver=1777335544","caption":"Caryn Fogel"},"url":"https:\/\/elmontgomery.com\/es\/author\/caryn\/"}]}},"_links":{"self":[{"href":"https:\/\/elmontgomery.com\/es\/wp-json\/wp\/v2\/posts\/4454","targetHints":{"allow":["GET"]}}],"collection":[{"href":"https:\/\/elmontgomery.com\/es\/wp-json\/wp\/v2\/posts"}],"about":[{"href":"https:\/\/elmontgomery.com\/es\/wp-json\/wp\/v2\/types\/post"}],"author":[{"embeddable":true,"href":"https:\/\/elmontgomery.com\/es\/wp-json\/wp\/v2\/users\/4"}],"replies":[{"embeddable":true,"href":"https:\/\/elmontgomery.com\/es\/wp-json\/wp\/v2\/comments?post=4454"}],"version-history":[{"count":0,"href":"https:\/\/elmontgomery.com\/es\/wp-json\/wp\/v2\/posts\/4454\/revisions"}],"wp:attachment":[{"href":"https:\/\/elmontgomery.com\/es\/wp-json\/wp\/v2\/media?parent=4454"}],"wp:term":[{"taxonomy":"category","embeddable":true,"href":"https:\/\/elmontgomery.com\/es\/wp-json\/wp\/v2\/categories?post=4454"},{"taxonomy":"post_tag","embeddable":true,"href":"https:\/\/elmontgomery.com\/es\/wp-json\/wp\/v2\/tags?post=4454"}],"curies":[{"name":"Gracias","href":"https:\/\/api.w.org\/{rel}","templated":true}]}}