{"id":3597,"date":"2019-06-04T12:54:08","date_gmt":"2019-06-04T19:54:08","guid":{"rendered":"http:\/\/elmontgomery.com\/?p=3597"},"modified":"2019-06-04T12:54:08","modified_gmt":"2019-06-04T19:54:08","slug":"ma-staff-participate-in-second-annual-gsa-summit-in-fresno","status":"publish","type":"post","link":"https:\/\/elmontgomery.com\/es\/news\/ma-staff-participate-in-second-annual-gsa-summit-in-fresno\/","title":{"rendered":"El personal de M&amp;A participa en la Segunda Cumbre Anual de GSA en Fresno"},"content":{"rendered":"<p>Montgomery &amp; Associates estar\u00e1 bien representada en la <a href=\"https:\/\/www.grac.org\/events\/226\/\" data-no-translation=\"\">Second Annual Groundwater Sustainability Agency (GSA) Summit<\/a> en Fresno, California. Organizada por la Asociaci\u00f3n de Recursos de Agua Subterr\u00e1nea (GRA) de California, esta cumbre de dos d\u00edas comienza el mi\u00e9rcoles 5 de junio. M&amp;A ser\u00e1 un expositor en el evento y tendr\u00e1 miembros del personal participando en paneles.<\/p>\n\n\n\n<div class=\"wp-block-image\"><figure class=\"alignleft is-resized\"><img decoding=\"async\" src=\"data:image\/svg+xml,%3Csvg%20xmlns%3D%27http%3A%2F%2Fwww.w3.org%2F2000%2Fsvg%27%20width%3D%27150%27%20height%3D%27150%27%20viewBox%3D%270%200%20150%20150%27%3E%3Crect%20width%3D%27150%27%20height%3D%27150%27%20fill-opacity%3D%220%22%2F%3E%3C%2Fsvg%3E\" data-orig-src=\"https:\/\/elmontgomery.com\/wp-content\/uploads\/2022\/11\/Lisa-Porta-200x200-150x150.jpg\" alt=\"\" class=\"lazyload wp-image-3267\" width=\"150\" height=\"150\"\/><figcaption>Lisa Porta<\/figcaption><\/figure><\/div>\n\n\n\n<p><a href=\"https:\/\/elmontgomery.com\/company\/staff\/lisa-porta\/\" data-no-translation=\"\">Lisa Porta, P.E.<\/a>, miembro de la junta de GRA e ingeniero s\u00e9nior de recursos h\u00eddricos en la oficina de Sacramento de M&amp;A, formar\u00e1 parte de un panel que debatir\u00e1 sobre la gobernanza y la coordinaci\u00f3n de GSA\/GSP. Esta sesi\u00f3n explorar\u00e1 los aspectos legales, t\u00e9cnicos y administrativos de la colaboraci\u00f3n y coordinaci\u00f3n de GSA\/GSP. \u201cComo miembro de la junta de GRA y alguien que trabaja en estrecha colaboraci\u00f3n con GSA en el desarrollo de GSP, espero una cumbre productiva y exitosa\u201d, dijo Lisa. <\/p>\n\n\n\n<div class=\"wp-block-image\"><figure class=\"alignright is-resized\"><img decoding=\"async\" src=\"data:image\/svg+xml,%3Csvg%20xmlns%3D%27http%3A%2F%2Fwww.w3.org%2F2000%2Fsvg%27%20width%3D%27150%27%20height%3D%27150%27%20viewBox%3D%270%200%20150%20150%27%3E%3Crect%20width%3D%27150%27%20height%3D%27150%27%20fill-opacity%3D%220%22%2F%3E%3C%2Fsvg%3E\" data-orig-src=\"https:\/\/elmontgomery.com\/wp-content\/uploads\/2022\/11\/Georgina-King_Calif_200x200.jpg\" alt=\"\" class=\"lazyload wp-image-2701\" width=\"150\" height=\"150\"\/><figcaption>Georgina King<\/figcaption><\/figure><\/div>\n\n\n\n<p><a href=\"https:\/\/elmontgomery.com\/company\/staff\/georgina-king\/\" data-no-translation=\"\">Georgina King, P.G., C.Hg.<\/a>, hidroge\u00f3logo senior en la oficina de Oakland, participar\u00e1 en un panel de discusi\u00f3n sobre Criterios de Gesti\u00f3n Sostenible (SMC). Esta sesi\u00f3n describir\u00e1 los procesos locales y t\u00e9cnicos para desarrollar completamente los SMC, que incluyen objetivos de sostenibilidad, resultados no deseados, umbrales m\u00ednimos y objetivos medibles. <\/p>\n\n\n\n<div class=\"wp-block-image\"><figure class=\"alignleft is-resized\"><img decoding=\"async\" src=\"data:image\/svg+xml,%3Csvg%20xmlns%3D%27http%3A%2F%2Fwww.w3.org%2F2000%2Fsvg%27%20width%3D%27150%27%20height%3D%27150%27%20viewBox%3D%270%200%20150%20150%27%3E%3Crect%20width%3D%27150%27%20height%3D%27150%27%20fill-opacity%3D%220%22%2F%3E%3C%2Fsvg%3E\" data-orig-src=\"https:\/\/elmontgomery.com\/wp-content\/uploads\/2022\/11\/staff_juliet_mckenna.jpg\" alt=\"\" class=\"lazyload wp-image-411\" width=\"150\" height=\"150\"\/><figcaption>Juliet McKenna<\/figcaption><\/figure><\/div>\n\n\n\n<p><a href=\"https:\/\/elmontgomery.com\/company\/staff\/juliet-mckenna\/\" data-no-translation=\"\">Juliet McKenna, P.G.<\/a>, hidroge\u00f3logo principal de la oficina de Tucson, tambi\u00e9n asistir\u00e1. En la cumbre, Juliet y el equipo de fusiones y adquisiciones tendr\u00e1n la oportunidad de establecer contactos con otros profesionales del agua involucrados en el desarrollo de GSP y tambi\u00e9n participar en discusiones sobre agua potable, planificaci\u00f3n del uso de la tierra, proyectos de recarga y finanzas. <\/p>\n\n\n\n<p>M&amp;A es un orgulloso patrocinador de la Segunda Cumbre Anual de Agencias de Sostenibilidad de Aguas Subterr\u00e1neas, y lo invitamos a pasar por nuestro stand de exhibici\u00f3n. Para mayor informaci\u00f3n por favor visite <a href=\"https:\/\/www.grac.org\/events\/226\/\" data-no-translation=\"\">grac.org<\/a> o contacto <a href=\"mailto:%20lporta@elmontgomery.com\" data-no-translation=\"\">Lisa<\/a>, <a href=\"mailto:gking@elmontgomery.com\" data-no-translation=\"\">Georgina<\/a>, o <a href=\"mailto:jmckenna@elmontgomery.com\" data-no-translation=\"\">Juliet<\/a>.<\/p>","protected":false},"excerpt":{"rendered":"<p>Montgomery &amp; Associates will be well represented at the Second  [&#8230;]<\/p>\n","protected":false},"author":4,"featured_media":0,"comment_status":"closed","ping_status":"closed","sticky":false,"template":"","format":"standard","meta":{"footnotes":""},"categories":[7],"tags":[],"class_list":["post-3597","post","type-post","status-publish","format-standard","hentry","category-news"],"yoast_head":"<!-- This site is optimized with the Yoast SEO plugin v27.4 - https:\/\/yoast.com\/product\/yoast-seo-wordpress\/ -->\n<title>M&amp;A staff participate in Second Annual GSA Summit in Fresno - Montgomery &amp; Associates<\/title>\n<meta name=\"robots\" content=\"index, follow, max-snippet:-1, max-image-preview:large, max-video-preview:-1\" \/>\n<link rel=\"canonical\" href=\"https:\/\/elmontgomery.com\/es\/news\/ma-staff-participate-in-second-annual-gsa-summit-in-fresno\/\" \/>\n<meta property=\"og:locale\" content=\"es_ES\" \/>\n<meta property=\"og:type\" content=\"article\" \/>\n<meta property=\"og:title\" content=\"M&amp;A staff participate in Second Annual GSA Summit in Fresno - Montgomery &amp; Associates\" \/>\n<meta property=\"og:description\" content=\"Montgomery &amp; Associates will be well represented at the Second [...]\" \/>\n<meta property=\"og:url\" content=\"https:\/\/elmontgomery.com\/es\/news\/ma-staff-participate-in-second-annual-gsa-summit-in-fresno\/\" \/>\n<meta property=\"og:site_name\" content=\"Montgomery &amp; Associates\" \/>\n<meta property=\"article:published_time\" content=\"2019-06-04T19:54:08+00:00\" \/>\n<meta property=\"og:image\" content=\"https:\/\/elmontgomery.com\/wp-content\/uploads\/2022\/11\/Lisa-Porta-200x200-150x150.jpg\" \/>\n<meta name=\"author\" content=\"Caryn Fogel\" \/>\n<meta name=\"twitter:card\" content=\"summary_large_image\" \/>\n<meta name=\"twitter:label1\" content=\"Escrito por\" \/>\n\t<meta name=\"twitter:data1\" content=\"Caryn Fogel\" \/>\n\t<meta name=\"twitter:label2\" content=\"Tiempo estimado de lectura\" \/>\n\t<meta name=\"twitter:data2\" content=\"1 minuto\" \/>\n<script type=\"application\/ld+json\" class=\"yoast-schema-graph\">{\"@context\":\"https:\\\/\\\/schema.org\",\"@graph\":[{\"@type\":\"Article\",\"@id\":\"https:\\\/\\\/elmontgomery.com\\\/news\\\/ma-staff-participate-in-second-annual-gsa-summit-in-fresno\\\/#article\",\"isPartOf\":{\"@id\":\"https:\\\/\\\/elmontgomery.com\\\/news\\\/ma-staff-participate-in-second-annual-gsa-summit-in-fresno\\\/\"},\"author\":{\"name\":\"Caryn Fogel\",\"@id\":\"https:\\\/\\\/elmontgomery.com\\\/#\\\/schema\\\/person\\\/b9fe077f13e0c822d1a4d4f7204b4463\"},\"headline\":\"M&#038;A staff participate in Second Annual GSA Summit in Fresno\",\"datePublished\":\"2019-06-04T19:54:08+00:00\",\"mainEntityOfPage\":{\"@id\":\"https:\\\/\\\/elmontgomery.com\\\/news\\\/ma-staff-participate-in-second-annual-gsa-summit-in-fresno\\\/\"},\"wordCount\":277,\"publisher\":{\"@id\":\"https:\\\/\\\/elmontgomery.com\\\/#organization\"},\"image\":{\"@id\":\"https:\\\/\\\/elmontgomery.com\\\/news\\\/ma-staff-participate-in-second-annual-gsa-summit-in-fresno\\\/#primaryimage\"},\"thumbnailUrl\":\"https:\\\/\\\/elmontgomery.com\\\/wp-content\\\/uploads\\\/2022\\\/11\\\/Lisa-Porta-200x200-150x150.jpg\",\"articleSection\":[\"News\"],\"inLanguage\":\"es-CL\"},{\"@type\":\"WebPage\",\"@id\":\"https:\\\/\\\/elmontgomery.com\\\/news\\\/ma-staff-participate-in-second-annual-gsa-summit-in-fresno\\\/\",\"url\":\"https:\\\/\\\/elmontgomery.com\\\/news\\\/ma-staff-participate-in-second-annual-gsa-summit-in-fresno\\\/\",\"name\":\"M&A staff participate in Second Annual GSA Summit in Fresno - Montgomery &amp; Associates\",\"isPartOf\":{\"@id\":\"https:\\\/\\\/elmontgomery.com\\\/#website\"},\"primaryImageOfPage\":{\"@id\":\"https:\\\/\\\/elmontgomery.com\\\/news\\\/ma-staff-participate-in-second-annual-gsa-summit-in-fresno\\\/#primaryimage\"},\"image\":{\"@id\":\"https:\\\/\\\/elmontgomery.com\\\/news\\\/ma-staff-participate-in-second-annual-gsa-summit-in-fresno\\\/#primaryimage\"},\"thumbnailUrl\":\"https:\\\/\\\/elmontgomery.com\\\/wp-content\\\/uploads\\\/2022\\\/11\\\/Lisa-Porta-200x200-150x150.jpg\",\"datePublished\":\"2019-06-04T19:54:08+00:00\",\"breadcrumb\":{\"@id\":\"https:\\\/\\\/elmontgomery.com\\\/news\\\/ma-staff-participate-in-second-annual-gsa-summit-in-fresno\\\/#breadcrumb\"},\"inLanguage\":\"es-CL\",\"potentialAction\":[{\"@type\":\"ReadAction\",\"target\":[\"https:\\\/\\\/elmontgomery.com\\\/news\\\/ma-staff-participate-in-second-annual-gsa-summit-in-fresno\\\/\"]}]},{\"@type\":\"ImageObject\",\"inLanguage\":\"es-CL\",\"@id\":\"https:\\\/\\\/elmontgomery.com\\\/news\\\/ma-staff-participate-in-second-annual-gsa-summit-in-fresno\\\/#primaryimage\",\"url\":\"https:\\\/\\\/elmontgomery.com\\\/wp-content\\\/uploads\\\/2022\\\/11\\\/Lisa-Porta-200x200-150x150.jpg\",\"contentUrl\":\"https:\\\/\\\/elmontgomery.com\\\/wp-content\\\/uploads\\\/2022\\\/11\\\/Lisa-Porta-200x200-150x150.jpg\"},{\"@type\":\"BreadcrumbList\",\"@id\":\"https:\\\/\\\/elmontgomery.com\\\/news\\\/ma-staff-participate-in-second-annual-gsa-summit-in-fresno\\\/#breadcrumb\",\"itemListElement\":[{\"@type\":\"ListItem\",\"position\":1,\"name\":\"Home\",\"item\":\"https:\\\/\\\/elmontgomery.com\\\/\"},{\"@type\":\"ListItem\",\"position\":2,\"name\":\"News\",\"item\":\"https:\\\/\\\/elmontgomery.com\\\/category\\\/news\\\/\"},{\"@type\":\"ListItem\",\"position\":3,\"name\":\"M&#038;A staff participate in Second Annual GSA Summit in Fresno\"}]},{\"@type\":\"WebSite\",\"@id\":\"https:\\\/\\\/elmontgomery.com\\\/#website\",\"url\":\"https:\\\/\\\/elmontgomery.com\\\/\",\"name\":\"Montgomery &amp; Associates\",\"description\":\"Water Resource Consultants\",\"publisher\":{\"@id\":\"https:\\\/\\\/elmontgomery.com\\\/#organization\"},\"potentialAction\":[{\"@type\":\"SearchAction\",\"target\":{\"@type\":\"EntryPoint\",\"urlTemplate\":\"https:\\\/\\\/elmontgomery.com\\\/?s={search_term_string}\"},\"query-input\":{\"@type\":\"PropertyValueSpecification\",\"valueRequired\":true,\"valueName\":\"search_term_string\"}}],\"inLanguage\":\"es-CL\"},{\"@type\":\"Organization\",\"@id\":\"https:\\\/\\\/elmontgomery.com\\\/#organization\",\"name\":\"Montgomery &amp; Associates\",\"url\":\"https:\\\/\\\/elmontgomery.com\\\/\",\"logo\":{\"@type\":\"ImageObject\",\"inLanguage\":\"es-CL\",\"@id\":\"https:\\\/\\\/elmontgomery.com\\\/#\\\/schema\\\/logo\\\/image\\\/\",\"url\":\"https:\\\/\\\/elmontgomery.com\\\/wp-content\\\/uploads\\\/2022\\\/09\\\/MA_RGB_hrz_tag-1.png\",\"contentUrl\":\"https:\\\/\\\/elmontgomery.com\\\/wp-content\\\/uploads\\\/2022\\\/09\\\/MA_RGB_hrz_tag-1.png\",\"width\":1833,\"height\":533,\"caption\":\"Montgomery &amp; Associates\"},\"image\":{\"@id\":\"https:\\\/\\\/elmontgomery.com\\\/#\\\/schema\\\/logo\\\/image\\\/\"},\"sameAs\":[\"https:\\\/\\\/www.linkedin.com\\\/company\\\/2434577\\\/\"]},{\"@type\":\"Person\",\"@id\":\"https:\\\/\\\/elmontgomery.com\\\/#\\\/schema\\\/person\\\/b9fe077f13e0c822d1a4d4f7204b4463\",\"name\":\"Caryn Fogel\",\"image\":{\"@type\":\"ImageObject\",\"inLanguage\":\"es-CL\",\"@id\":\"https:\\\/\\\/elmontgomery.com\\\/wp-content\\\/litespeed\\\/avatar\\\/b35480ce8291aaa1d4aa5cfea7009977.jpg?ver=1777335544\",\"url\":\"https:\\\/\\\/elmontgomery.com\\\/wp-content\\\/litespeed\\\/avatar\\\/b35480ce8291aaa1d4aa5cfea7009977.jpg?ver=1777335544\",\"contentUrl\":\"https:\\\/\\\/elmontgomery.com\\\/wp-content\\\/litespeed\\\/avatar\\\/b35480ce8291aaa1d4aa5cfea7009977.jpg?ver=1777335544\",\"caption\":\"Caryn Fogel\"},\"url\":\"https:\\\/\\\/elmontgomery.com\\\/es\\\/author\\\/caryn\\\/\"}]}<\/script>\n<!-- \/ Yoast SEO plugin. -->","yoast_head_json":{"title":"El personal de fusiones y adquisiciones participa en la segunda cumbre anual de GSA en Fresno - Montgomery &amp; Associates","robots":{"index":"index","follow":"follow","max-snippet":"max-snippet:-1","max-image-preview":"max-image-preview:large","max-video-preview":"max-video-preview:-1"},"canonical":"https:\/\/elmontgomery.com\/es\/news\/ma-staff-participate-in-second-annual-gsa-summit-in-fresno\/","og_locale":"es_ES","og_type":"article","og_title":"M&A staff participate in Second Annual GSA Summit in Fresno - Montgomery &amp; Associates","og_description":"Montgomery &amp; Associates will be well represented at the Second [...]","og_url":"https:\/\/elmontgomery.com\/es\/news\/ma-staff-participate-in-second-annual-gsa-summit-in-fresno\/","og_site_name":"Montgomery &amp; Associates","article_published_time":"2019-06-04T19:54:08+00:00","og_image":[{"url":"https:\/\/elmontgomery.com\/wp-content\/uploads\/2022\/11\/Lisa-Porta-200x200-150x150.jpg","type":"","width":"","height":""}],"author":"Caryn Fogel","twitter_card":"summary_large_image","twitter_misc":{"Escrito por":"Caryn Fogel","Tiempo estimado de lectura":"1 minuto"},"schema":{"@context":"https:\/\/schema.org","@graph":[{"@type":"Article","@id":"https:\/\/elmontgomery.com\/news\/ma-staff-participate-in-second-annual-gsa-summit-in-fresno\/#article","isPartOf":{"@id":"https:\/\/elmontgomery.com\/news\/ma-staff-participate-in-second-annual-gsa-summit-in-fresno\/"},"author":{"name":"Caryn Fogel","@id":"https:\/\/elmontgomery.com\/#\/schema\/person\/b9fe077f13e0c822d1a4d4f7204b4463"},"headline":"M&#038;A staff participate in Second Annual GSA Summit in Fresno","datePublished":"2019-06-04T19:54:08+00:00","mainEntityOfPage":{"@id":"https:\/\/elmontgomery.com\/news\/ma-staff-participate-in-second-annual-gsa-summit-in-fresno\/"},"wordCount":277,"publisher":{"@id":"https:\/\/elmontgomery.com\/#organization"},"image":{"@id":"https:\/\/elmontgomery.com\/news\/ma-staff-participate-in-second-annual-gsa-summit-in-fresno\/#primaryimage"},"thumbnailUrl":"https:\/\/elmontgomery.com\/wp-content\/uploads\/2022\/11\/Lisa-Porta-200x200-150x150.jpg","articleSection":["News"],"inLanguage":"es-CL"},{"@type":"WebPage","@id":"https:\/\/elmontgomery.com\/news\/ma-staff-participate-in-second-annual-gsa-summit-in-fresno\/","url":"https:\/\/elmontgomery.com\/news\/ma-staff-participate-in-second-annual-gsa-summit-in-fresno\/","name":"El personal de fusiones y adquisiciones participa en la segunda cumbre anual de GSA en Fresno - Montgomery &amp; Associates","isPartOf":{"@id":"https:\/\/elmontgomery.com\/#website"},"primaryImageOfPage":{"@id":"https:\/\/elmontgomery.com\/news\/ma-staff-participate-in-second-annual-gsa-summit-in-fresno\/#primaryimage"},"image":{"@id":"https:\/\/elmontgomery.com\/news\/ma-staff-participate-in-second-annual-gsa-summit-in-fresno\/#primaryimage"},"thumbnailUrl":"https:\/\/elmontgomery.com\/wp-content\/uploads\/2022\/11\/Lisa-Porta-200x200-150x150.jpg","datePublished":"2019-06-04T19:54:08+00:00","breadcrumb":{"@id":"https:\/\/elmontgomery.com\/news\/ma-staff-participate-in-second-annual-gsa-summit-in-fresno\/#breadcrumb"},"inLanguage":"es-CL","potentialAction":[{"@type":"ReadAction","target":["https:\/\/elmontgomery.com\/news\/ma-staff-participate-in-second-annual-gsa-summit-in-fresno\/"]}]},{"@type":"ImageObject","inLanguage":"es-CL","@id":"https:\/\/elmontgomery.com\/news\/ma-staff-participate-in-second-annual-gsa-summit-in-fresno\/#primaryimage","url":"https:\/\/elmontgomery.com\/wp-content\/uploads\/2022\/11\/Lisa-Porta-200x200-150x150.jpg","contentUrl":"https:\/\/elmontgomery.com\/wp-content\/uploads\/2022\/11\/Lisa-Porta-200x200-150x150.jpg"},{"@type":"BreadcrumbList","@id":"https:\/\/elmontgomery.com\/news\/ma-staff-participate-in-second-annual-gsa-summit-in-fresno\/#breadcrumb","itemListElement":[{"@type":"ListItem","position":1,"name":"Home","item":"https:\/\/elmontgomery.com\/"},{"@type":"ListItem","position":2,"name":"News","item":"https:\/\/elmontgomery.com\/category\/news\/"},{"@type":"ListItem","position":3,"name":"M&#038;A staff participate in Second Annual GSA Summit in Fresno"}]},{"@type":"WebSite","@id":"https:\/\/elmontgomery.com\/#website","url":"https:\/\/elmontgomery.com\/","name":"Montgomery y asociados","description":"Consultores de recursos h\u00eddricos","publisher":{"@id":"https:\/\/elmontgomery.com\/#organization"},"potentialAction":[{"@type":"SearchAction","target":{"@type":"EntryPoint","urlTemplate":"https:\/\/elmontgomery.com\/?s={search_term_string}"},"query-input":{"@type":"PropertyValueSpecification","valueRequired":true,"valueName":"search_term_string"}}],"inLanguage":"es-CL"},{"@type":"Organization","@id":"https:\/\/elmontgomery.com\/#organization","name":"Montgomery y asociados","url":"https:\/\/elmontgomery.com\/","logo":{"@type":"ImageObject","inLanguage":"es-CL","@id":"https:\/\/elmontgomery.com\/#\/schema\/logo\/image\/","url":"https:\/\/elmontgomery.com\/wp-content\/uploads\/2022\/09\/MA_RGB_hrz_tag-1.png","contentUrl":"https:\/\/elmontgomery.com\/wp-content\/uploads\/2022\/09\/MA_RGB_hrz_tag-1.png","width":1833,"height":533,"caption":"Montgomery &amp; Associates"},"image":{"@id":"https:\/\/elmontgomery.com\/#\/schema\/logo\/image\/"},"sameAs":["https:\/\/www.linkedin.com\/company\/2434577\/"]},{"@type":"Person","@id":"https:\/\/elmontgomery.com\/#\/schema\/person\/b9fe077f13e0c822d1a4d4f7204b4463","name":"Caryn Fogel","image":{"@type":"ImageObject","inLanguage":"es-CL","@id":"https:\/\/elmontgomery.com\/wp-content\/litespeed\/avatar\/b35480ce8291aaa1d4aa5cfea7009977.jpg?ver=1777335544","url":"https:\/\/elmontgomery.com\/wp-content\/litespeed\/avatar\/b35480ce8291aaa1d4aa5cfea7009977.jpg?ver=1777335544","contentUrl":"https:\/\/elmontgomery.com\/wp-content\/litespeed\/avatar\/b35480ce8291aaa1d4aa5cfea7009977.jpg?ver=1777335544","caption":"Caryn Fogel"},"url":"https:\/\/elmontgomery.com\/es\/author\/caryn\/"}]}},"_links":{"self":[{"href":"https:\/\/elmontgomery.com\/es\/wp-json\/wp\/v2\/posts\/3597","targetHints":{"allow":["GET"]}}],"collection":[{"href":"https:\/\/elmontgomery.com\/es\/wp-json\/wp\/v2\/posts"}],"about":[{"href":"https:\/\/elmontgomery.com\/es\/wp-json\/wp\/v2\/types\/post"}],"author":[{"embeddable":true,"href":"https:\/\/elmontgomery.com\/es\/wp-json\/wp\/v2\/users\/4"}],"replies":[{"embeddable":true,"href":"https:\/\/elmontgomery.com\/es\/wp-json\/wp\/v2\/comments?post=3597"}],"version-history":[{"count":0,"href":"https:\/\/elmontgomery.com\/es\/wp-json\/wp\/v2\/posts\/3597\/revisions"}],"wp:attachment":[{"href":"https:\/\/elmontgomery.com\/es\/wp-json\/wp\/v2\/media?parent=3597"}],"wp:term":[{"taxonomy":"category","embeddable":true,"href":"https:\/\/elmontgomery.com\/es\/wp-json\/wp\/v2\/categories?post=3597"},{"taxonomy":"post_tag","embeddable":true,"href":"https:\/\/elmontgomery.com\/es\/wp-json\/wp\/v2\/tags?post=3597"}],"curies":[{"name":"Gracias","href":"https:\/\/api.w.org\/{rel}","templated":true}]}}