{"id":1470,"date":"2016-09-01T18:12:01","date_gmt":"2016-09-01T18:12:01","guid":{"rendered":"http:\/\/elmontgomery.com\/?p=1251"},"modified":"2016-09-01T18:12:01","modified_gmt":"2016-09-01T18:12:01","slug":"juliet-mckenna-selected-greater-tucson-leadership-program","status":"publish","type":"post","link":"https:\/\/elmontgomery.com\/es\/news\/juliet-mckenna-selected-greater-tucson-leadership-program\/","title":{"rendered":"Juliet McKenna seleccionada para el programa Greater Tucson Leadership"},"content":{"rendered":"<p class=\"body\"><img decoding=\"async\" class=\"lazyload size-full wp-image-411 alignleft\" src=\"data:image\/svg+xml,%3Csvg%20xmlns%3D%27http%3A%2F%2Fwww.w3.org%2F2000%2Fsvg%27%20width%3D%27200%27%20height%3D%27200%27%20viewBox%3D%270%200%20200%20200%27%3E%3Crect%20width%3D%27200%27%20height%3D%27200%27%20fill-opacity%3D%220%22%2F%3E%3C%2Fsvg%3E\" data-orig-src=\"\/wp-content\/uploads\/2016\/07\/staff_juliet_mckenna.jpg\" alt=\"staff_juliet_mckenna\" width=\"200\" height=\"200\" \/>Juliet McKenna, directora de fusiones y adquisiciones e hidroge\u00f3loga\/consultora de pol\u00edticas de agua, comenz\u00f3 recientemente la clase 2017 de Greater Tucson Leadership (GTL). El programa, un socio de la C\u00e1mara Metropolitana de Tucson, se enfoca en desarrollar habilidades de liderazgo, conciencia comunitaria y una red m\u00e1s amplia de relaciones. Las personas de diversos campos y antecedentes se seleccionan a trav\u00e9s de un proceso de solicitud competitivo para participar en una serie de 10 meses que comienza en agosto y finaliza en junio. Cada a\u00f1o, la clase GTL explora una variedad de problemas comunitarios y se compromete con un proyecto. La clase ense\u00f1a un plan de estudios de liderazgo reconocido a nivel nacional junto con experiencias de campo inmersivas. <a href=\"http:\/\/greatertucsonleadership.org\/\" data-no-translation=\"\">Learn more here<\/a>.<\/p>\n<p class=\"body\"><img decoding=\"async\" class=\"lazyload alignnone size-large wp-image-1554\" src=\"data:image\/svg+xml,%3Csvg%20xmlns%3D%27http%3A%2F%2Fwww.w3.org%2F2000%2Fsvg%27%20width%3D%27625%27%20height%3D%27315%27%20viewBox%3D%270%200%20625%20315%27%3E%3Crect%20width%3D%27625%27%20height%3D%27315%27%20fill-opacity%3D%220%22%2F%3E%3C%2Fsvg%3E\" data-orig-src=\"\/wp-content\/uploads\/2016\/09\/Leadership-10in-3-1024x516-1024x516.jpg\" alt=\"leadership-10in-3-1024x516\" width=\"625\" height=\"315\" \/><\/p>","protected":false},"excerpt":{"rendered":"<p>Juliet McKenna, an M&amp;A principal and hydrogeologist \/ water policy  [&#8230;]<\/p>\n","protected":false},"author":4,"featured_media":0,"comment_status":"closed","ping_status":"closed","sticky":false,"template":"","format":"standard","meta":{"footnotes":""},"categories":[7],"tags":[],"class_list":["post-1470","post","type-post","status-publish","format-standard","hentry","category-news"],"yoast_head":"<!-- This site is optimized with the Yoast SEO plugin v27.4 - https:\/\/yoast.com\/product\/yoast-seo-wordpress\/ -->\n<title>Juliet McKenna selected for Greater Tucson Leadership program - Montgomery &amp; Associates<\/title>\n<meta name=\"robots\" content=\"index, follow, max-snippet:-1, max-image-preview:large, max-video-preview:-1\" \/>\n<link rel=\"canonical\" href=\"https:\/\/elmontgomery.com\/es\/news\/juliet-mckenna-selected-greater-tucson-leadership-program\/\" \/>\n<meta property=\"og:locale\" content=\"es_ES\" \/>\n<meta property=\"og:type\" content=\"article\" \/>\n<meta property=\"og:title\" content=\"Juliet McKenna selected for Greater Tucson Leadership program - Montgomery &amp; Associates\" \/>\n<meta property=\"og:description\" content=\"Juliet McKenna, an M&amp;A principal and hydrogeologist \/ water policy [...]\" \/>\n<meta property=\"og:url\" content=\"https:\/\/elmontgomery.com\/es\/news\/juliet-mckenna-selected-greater-tucson-leadership-program\/\" \/>\n<meta property=\"og:site_name\" content=\"Montgomery &amp; Associates\" \/>\n<meta property=\"article:published_time\" content=\"2016-09-01T18:12:01+00:00\" \/>\n<meta name=\"author\" content=\"Caryn Fogel\" \/>\n<meta name=\"twitter:card\" content=\"summary_large_image\" \/>\n<meta name=\"twitter:label1\" content=\"Escrito por\" \/>\n\t<meta name=\"twitter:data1\" content=\"Caryn Fogel\" \/>\n\t<meta name=\"twitter:label2\" content=\"Tiempo estimado de lectura\" \/>\n\t<meta name=\"twitter:data2\" content=\"1 minuto\" \/>\n<script type=\"application\/ld+json\" class=\"yoast-schema-graph\">{\"@context\":\"https:\\\/\\\/schema.org\",\"@graph\":[{\"@type\":\"Article\",\"@id\":\"https:\\\/\\\/elmontgomery.com\\\/news\\\/juliet-mckenna-selected-greater-tucson-leadership-program\\\/#article\",\"isPartOf\":{\"@id\":\"https:\\\/\\\/elmontgomery.com\\\/news\\\/juliet-mckenna-selected-greater-tucson-leadership-program\\\/\"},\"author\":{\"name\":\"Caryn Fogel\",\"@id\":\"https:\\\/\\\/elmontgomery.com\\\/#\\\/schema\\\/person\\\/b9fe077f13e0c822d1a4d4f7204b4463\"},\"headline\":\"Juliet McKenna selected for Greater Tucson Leadership program\",\"datePublished\":\"2016-09-01T18:12:01+00:00\",\"mainEntityOfPage\":{\"@id\":\"https:\\\/\\\/elmontgomery.com\\\/news\\\/juliet-mckenna-selected-greater-tucson-leadership-program\\\/\"},\"wordCount\":109,\"publisher\":{\"@id\":\"https:\\\/\\\/elmontgomery.com\\\/#organization\"},\"articleSection\":[\"News\"],\"inLanguage\":\"es-CL\"},{\"@type\":\"WebPage\",\"@id\":\"https:\\\/\\\/elmontgomery.com\\\/news\\\/juliet-mckenna-selected-greater-tucson-leadership-program\\\/\",\"url\":\"https:\\\/\\\/elmontgomery.com\\\/news\\\/juliet-mckenna-selected-greater-tucson-leadership-program\\\/\",\"name\":\"Juliet McKenna selected for Greater Tucson Leadership program - Montgomery &amp; Associates\",\"isPartOf\":{\"@id\":\"https:\\\/\\\/elmontgomery.com\\\/#website\"},\"datePublished\":\"2016-09-01T18:12:01+00:00\",\"breadcrumb\":{\"@id\":\"https:\\\/\\\/elmontgomery.com\\\/news\\\/juliet-mckenna-selected-greater-tucson-leadership-program\\\/#breadcrumb\"},\"inLanguage\":\"es-CL\",\"potentialAction\":[{\"@type\":\"ReadAction\",\"target\":[\"https:\\\/\\\/elmontgomery.com\\\/news\\\/juliet-mckenna-selected-greater-tucson-leadership-program\\\/\"]}]},{\"@type\":\"BreadcrumbList\",\"@id\":\"https:\\\/\\\/elmontgomery.com\\\/news\\\/juliet-mckenna-selected-greater-tucson-leadership-program\\\/#breadcrumb\",\"itemListElement\":[{\"@type\":\"ListItem\",\"position\":1,\"name\":\"Home\",\"item\":\"https:\\\/\\\/elmontgomery.com\\\/\"},{\"@type\":\"ListItem\",\"position\":2,\"name\":\"News\",\"item\":\"https:\\\/\\\/elmontgomery.com\\\/category\\\/news\\\/\"},{\"@type\":\"ListItem\",\"position\":3,\"name\":\"Juliet McKenna selected for Greater Tucson Leadership program\"}]},{\"@type\":\"WebSite\",\"@id\":\"https:\\\/\\\/elmontgomery.com\\\/#website\",\"url\":\"https:\\\/\\\/elmontgomery.com\\\/\",\"name\":\"Montgomery &amp; Associates\",\"description\":\"Water Resource Consultants\",\"publisher\":{\"@id\":\"https:\\\/\\\/elmontgomery.com\\\/#organization\"},\"potentialAction\":[{\"@type\":\"SearchAction\",\"target\":{\"@type\":\"EntryPoint\",\"urlTemplate\":\"https:\\\/\\\/elmontgomery.com\\\/?s={search_term_string}\"},\"query-input\":{\"@type\":\"PropertyValueSpecification\",\"valueRequired\":true,\"valueName\":\"search_term_string\"}}],\"inLanguage\":\"es-CL\"},{\"@type\":\"Organization\",\"@id\":\"https:\\\/\\\/elmontgomery.com\\\/#organization\",\"name\":\"Montgomery &amp; Associates\",\"url\":\"https:\\\/\\\/elmontgomery.com\\\/\",\"logo\":{\"@type\":\"ImageObject\",\"inLanguage\":\"es-CL\",\"@id\":\"https:\\\/\\\/elmontgomery.com\\\/#\\\/schema\\\/logo\\\/image\\\/\",\"url\":\"https:\\\/\\\/elmontgomery.com\\\/wp-content\\\/uploads\\\/2022\\\/09\\\/MA_RGB_hrz_tag-1.png\",\"contentUrl\":\"https:\\\/\\\/elmontgomery.com\\\/wp-content\\\/uploads\\\/2022\\\/09\\\/MA_RGB_hrz_tag-1.png\",\"width\":1833,\"height\":533,\"caption\":\"Montgomery &amp; Associates\"},\"image\":{\"@id\":\"https:\\\/\\\/elmontgomery.com\\\/#\\\/schema\\\/logo\\\/image\\\/\"},\"sameAs\":[\"https:\\\/\\\/www.linkedin.com\\\/company\\\/2434577\\\/\"]},{\"@type\":\"Person\",\"@id\":\"https:\\\/\\\/elmontgomery.com\\\/#\\\/schema\\\/person\\\/b9fe077f13e0c822d1a4d4f7204b4463\",\"name\":\"Caryn Fogel\",\"image\":{\"@type\":\"ImageObject\",\"inLanguage\":\"es-CL\",\"@id\":\"https:\\\/\\\/elmontgomery.com\\\/wp-content\\\/litespeed\\\/avatar\\\/b35480ce8291aaa1d4aa5cfea7009977.jpg?ver=1777335544\",\"url\":\"https:\\\/\\\/elmontgomery.com\\\/wp-content\\\/litespeed\\\/avatar\\\/b35480ce8291aaa1d4aa5cfea7009977.jpg?ver=1777335544\",\"contentUrl\":\"https:\\\/\\\/elmontgomery.com\\\/wp-content\\\/litespeed\\\/avatar\\\/b35480ce8291aaa1d4aa5cfea7009977.jpg?ver=1777335544\",\"caption\":\"Caryn Fogel\"},\"url\":\"https:\\\/\\\/elmontgomery.com\\\/es\\\/author\\\/caryn\\\/\"}]}<\/script>\n<!-- \/ Yoast SEO plugin. -->","yoast_head_json":{"title":"Juliet McKenna seleccionada para el programa de liderazgo de Greater Tucson - Montgomery &amp; Associates","robots":{"index":"index","follow":"follow","max-snippet":"max-snippet:-1","max-image-preview":"max-image-preview:large","max-video-preview":"max-video-preview:-1"},"canonical":"https:\/\/elmontgomery.com\/es\/news\/juliet-mckenna-selected-greater-tucson-leadership-program\/","og_locale":"es_ES","og_type":"article","og_title":"Juliet McKenna selected for Greater Tucson Leadership program - Montgomery &amp; Associates","og_description":"Juliet McKenna, an M&amp;A principal and hydrogeologist \/ water policy [...]","og_url":"https:\/\/elmontgomery.com\/es\/news\/juliet-mckenna-selected-greater-tucson-leadership-program\/","og_site_name":"Montgomery &amp; Associates","article_published_time":"2016-09-01T18:12:01+00:00","author":"Caryn Fogel","twitter_card":"summary_large_image","twitter_misc":{"Escrito por":"Caryn Fogel","Tiempo estimado de lectura":"1 minuto"},"schema":{"@context":"https:\/\/schema.org","@graph":[{"@type":"Article","@id":"https:\/\/elmontgomery.com\/news\/juliet-mckenna-selected-greater-tucson-leadership-program\/#article","isPartOf":{"@id":"https:\/\/elmontgomery.com\/news\/juliet-mckenna-selected-greater-tucson-leadership-program\/"},"author":{"name":"Caryn Fogel","@id":"https:\/\/elmontgomery.com\/#\/schema\/person\/b9fe077f13e0c822d1a4d4f7204b4463"},"headline":"Juliet McKenna selected for Greater Tucson Leadership program","datePublished":"2016-09-01T18:12:01+00:00","mainEntityOfPage":{"@id":"https:\/\/elmontgomery.com\/news\/juliet-mckenna-selected-greater-tucson-leadership-program\/"},"wordCount":109,"publisher":{"@id":"https:\/\/elmontgomery.com\/#organization"},"articleSection":["News"],"inLanguage":"es-CL"},{"@type":"WebPage","@id":"https:\/\/elmontgomery.com\/news\/juliet-mckenna-selected-greater-tucson-leadership-program\/","url":"https:\/\/elmontgomery.com\/news\/juliet-mckenna-selected-greater-tucson-leadership-program\/","name":"Juliet McKenna seleccionada para el programa de liderazgo de Greater Tucson - Montgomery &amp; Associates","isPartOf":{"@id":"https:\/\/elmontgomery.com\/#website"},"datePublished":"2016-09-01T18:12:01+00:00","breadcrumb":{"@id":"https:\/\/elmontgomery.com\/news\/juliet-mckenna-selected-greater-tucson-leadership-program\/#breadcrumb"},"inLanguage":"es-CL","potentialAction":[{"@type":"ReadAction","target":["https:\/\/elmontgomery.com\/news\/juliet-mckenna-selected-greater-tucson-leadership-program\/"]}]},{"@type":"BreadcrumbList","@id":"https:\/\/elmontgomery.com\/news\/juliet-mckenna-selected-greater-tucson-leadership-program\/#breadcrumb","itemListElement":[{"@type":"ListItem","position":1,"name":"Home","item":"https:\/\/elmontgomery.com\/"},{"@type":"ListItem","position":2,"name":"News","item":"https:\/\/elmontgomery.com\/category\/news\/"},{"@type":"ListItem","position":3,"name":"Juliet McKenna selected for Greater Tucson Leadership program"}]},{"@type":"WebSite","@id":"https:\/\/elmontgomery.com\/#website","url":"https:\/\/elmontgomery.com\/","name":"Montgomery y asociados","description":"Consultores de recursos h\u00eddricos","publisher":{"@id":"https:\/\/elmontgomery.com\/#organization"},"potentialAction":[{"@type":"SearchAction","target":{"@type":"EntryPoint","urlTemplate":"https:\/\/elmontgomery.com\/?s={search_term_string}"},"query-input":{"@type":"PropertyValueSpecification","valueRequired":true,"valueName":"search_term_string"}}],"inLanguage":"es-CL"},{"@type":"Organization","@id":"https:\/\/elmontgomery.com\/#organization","name":"Montgomery y asociados","url":"https:\/\/elmontgomery.com\/","logo":{"@type":"ImageObject","inLanguage":"es-CL","@id":"https:\/\/elmontgomery.com\/#\/schema\/logo\/image\/","url":"https:\/\/elmontgomery.com\/wp-content\/uploads\/2022\/09\/MA_RGB_hrz_tag-1.png","contentUrl":"https:\/\/elmontgomery.com\/wp-content\/uploads\/2022\/09\/MA_RGB_hrz_tag-1.png","width":1833,"height":533,"caption":"Montgomery &amp; Associates"},"image":{"@id":"https:\/\/elmontgomery.com\/#\/schema\/logo\/image\/"},"sameAs":["https:\/\/www.linkedin.com\/company\/2434577\/"]},{"@type":"Person","@id":"https:\/\/elmontgomery.com\/#\/schema\/person\/b9fe077f13e0c822d1a4d4f7204b4463","name":"Caryn Fogel","image":{"@type":"ImageObject","inLanguage":"es-CL","@id":"https:\/\/elmontgomery.com\/wp-content\/litespeed\/avatar\/b35480ce8291aaa1d4aa5cfea7009977.jpg?ver=1777335544","url":"https:\/\/elmontgomery.com\/wp-content\/litespeed\/avatar\/b35480ce8291aaa1d4aa5cfea7009977.jpg?ver=1777335544","contentUrl":"https:\/\/elmontgomery.com\/wp-content\/litespeed\/avatar\/b35480ce8291aaa1d4aa5cfea7009977.jpg?ver=1777335544","caption":"Caryn Fogel"},"url":"https:\/\/elmontgomery.com\/es\/author\/caryn\/"}]}},"_links":{"self":[{"href":"https:\/\/elmontgomery.com\/es\/wp-json\/wp\/v2\/posts\/1470","targetHints":{"allow":["GET"]}}],"collection":[{"href":"https:\/\/elmontgomery.com\/es\/wp-json\/wp\/v2\/posts"}],"about":[{"href":"https:\/\/elmontgomery.com\/es\/wp-json\/wp\/v2\/types\/post"}],"author":[{"embeddable":true,"href":"https:\/\/elmontgomery.com\/es\/wp-json\/wp\/v2\/users\/4"}],"replies":[{"embeddable":true,"href":"https:\/\/elmontgomery.com\/es\/wp-json\/wp\/v2\/comments?post=1470"}],"version-history":[{"count":0,"href":"https:\/\/elmontgomery.com\/es\/wp-json\/wp\/v2\/posts\/1470\/revisions"}],"wp:attachment":[{"href":"https:\/\/elmontgomery.com\/es\/wp-json\/wp\/v2\/media?parent=1470"}],"wp:term":[{"taxonomy":"category","embeddable":true,"href":"https:\/\/elmontgomery.com\/es\/wp-json\/wp\/v2\/categories?post=1470"},{"taxonomy":"post_tag","embeddable":true,"href":"https:\/\/elmontgomery.com\/es\/wp-json\/wp\/v2\/tags?post=1470"}],"curies":[{"name":"Gracias","href":"https:\/\/api.w.org\/{rel}","templated":true}]}}