{"id":1390,"date":"2014-03-28T16:52:28","date_gmt":"2014-03-28T16:52:28","guid":{"rendered":"http:\/\/elmontgomery.com\/?p=724"},"modified":"2014-03-28T16:52:28","modified_gmt":"2014-03-28T16:52:28","slug":"hale-barter-to-speak-at-el-dia-de-agua","status":"publish","type":"post","link":"https:\/\/elmontgomery.com\/es\/news\/hale-barter-to-speak-at-el-dia-de-agua\/","title":{"rendered":"Hale Barter hablar\u00e1 en El D\u00eda de Agua"},"content":{"rendered":"<p><img decoding=\"async\" class=\"lazyload alignright  wp-image-727\" alt=\"Hale Barter\" src=\"data:image\/svg+xml,%3Csvg%20xmlns%3D%27http%3A%2F%2Fwww.w3.org%2F2000%2Fsvg%27%20width%3D%27136%27%20height%3D%27176%27%20viewBox%3D%270%200%20136%20176%27%3E%3Crect%20width%3D%27136%27%20height%3D%27176%27%20fill-opacity%3D%220%22%2F%3E%3C%2Fsvg%3E\" data-orig-src=\"\/wp-content\/uploads\/2014\/03\/barter.jpg\" width=\"136\" height=\"176\" \/><a href=\"https:\/\/elmontgomery.com\/company\/staff\/hale-barter\/\" data-no-translation=\"\">Hale Barter<\/a> es el orador del almuerzo en El D\u00eda del Agua de este a\u00f1o, el simposio anual de investigaci\u00f3n estudiantil del programa de Hidrolog\u00eda y Recursos H\u00eddricos de la UA. El evento, que ahora cumple 24 a\u00f1os, tendr\u00e1 lugar el 9 de abril. Hale es un hidr\u00f3logo principal de M&amp;A que<span style=\"line-height: 1.5em;\">\u00a0se nos uni\u00f3<\/span><span style=\"line-height: 1.5em;\">\u00a0en 1994.\u00a0<\/span>No solo dirige nuestro grupo de modelos, sino que tambi\u00e9n se desempe\u00f1a actualmente como nuestro CFO\u00a0<span style=\"line-height: 1.5em;\">y un miembro de la junta. El t\u00edtulo de su charla es \u201cEl papel integral de las aguas subterr\u00e1neas en la miner\u00eda\u201d.<\/span><\/p>\n<p><strong>Resumen<\/strong><\/p>\n<p>El agua subterr\u00e1nea es parte integral de la mayor\u00eda de los aspectos de la miner\u00eda, desde el suministro de agua y el drenaje de la mina hasta el control de la calidad del agua posterior al cierre y la remediaci\u00f3n de contaminantes. La dependencia del agua de la industria minera, junto con su potencial para impactar los recursos h\u00eddricos, presenta a los hidr\u00f3logos una amplia gama de funciones importantes que desempe\u00f1ar. La ciencia suele ser compleja, los entornos suelen ser heterog\u00e9neos e inciertos, las partes interesadas pueden tener agendas contrapuestas y, a veces, las investigaciones se desarrollan en condiciones econ\u00f3micas o pol\u00edticas desafiantes.<\/p>\n<p>Si es un hidr\u00f3logo que ejerce en el suroeste de los EE. UU., probablemente se encontrar\u00e1 trabajando en un proyecto minero en alg\u00fan momento de su carrera. Aunque la industria minera puede ser c\u00edclica, durante la mayor parte de la \u00faltima d\u00e9cada ha sido una fuente importante de ingresos y crecimiento para las empresas de consultor\u00eda de aguas subterr\u00e1neas como M&amp;A a pesar de las condiciones econ\u00f3micas deprimidas.<\/p>\n<p>El Sr. Barter hablar\u00e1 sobre la progresi\u00f3n t\u00edpica de un proyecto minero, desde los estudios de prefactibilidad hasta el cierre planificado, incluida la superposici\u00f3n normativa que informa casi todos los aspectos de la hidrolog\u00eda minera. Abordar\u00e1 los desaf\u00edos asociados con el desarrollo de soluciones defendibles con tiempo y datos limitados en entornos muy complejos. Para ilustrar estos conceptos, presentar\u00e1 algunos ejemplos en Am\u00e9rica del Norte y Am\u00e9rica del Sur donde M&amp;A ha brindado experiencia en aguas subterr\u00e1neas.<\/p>","protected":false},"excerpt":{"rendered":"<p>Hale Barter is the luncheon speaker at this year&#8217;s\u00a0El D\u00eda  [&#8230;]<\/p>\n","protected":false},"author":4,"featured_media":0,"comment_status":"closed","ping_status":"closed","sticky":false,"template":"","format":"standard","meta":{"footnotes":""},"categories":[7],"tags":[],"class_list":["post-1390","post","type-post","status-publish","format-standard","hentry","category-news"],"yoast_head":"<!-- This site is optimized with the Yoast SEO plugin v27.4 - https:\/\/yoast.com\/product\/yoast-seo-wordpress\/ -->\n<title>Hale Barter to speak at El D\u00eda de Agua - Montgomery &amp; Associates<\/title>\n<meta name=\"robots\" content=\"index, follow, max-snippet:-1, max-image-preview:large, max-video-preview:-1\" \/>\n<link rel=\"canonical\" href=\"https:\/\/elmontgomery.com\/es\/uncategorized\/hale-barter-to-speak-at-el-dia-de-agua\/\" \/>\n<meta property=\"og:locale\" content=\"es_ES\" \/>\n<meta property=\"og:type\" content=\"article\" \/>\n<meta property=\"og:title\" content=\"Hale Barter to speak at El D\u00eda de Agua - Montgomery &amp; Associates\" \/>\n<meta property=\"og:description\" content=\"Hale Barter is the luncheon speaker at this year&#8217;s\u00a0El D\u00eda [...]\" \/>\n<meta property=\"og:url\" content=\"https:\/\/elmontgomery.com\/es\/uncategorized\/hale-barter-to-speak-at-el-dia-de-agua\/\" \/>\n<meta property=\"og:site_name\" content=\"Montgomery &amp; Associates\" \/>\n<meta property=\"article:published_time\" content=\"2014-03-28T16:52:28+00:00\" \/>\n<meta name=\"author\" content=\"Caryn Fogel\" \/>\n<meta name=\"twitter:card\" content=\"summary_large_image\" \/>\n<meta name=\"twitter:label1\" content=\"Escrito por\" \/>\n\t<meta name=\"twitter:data1\" content=\"Caryn Fogel\" \/>\n\t<meta name=\"twitter:label2\" content=\"Tiempo estimado de lectura\" \/>\n\t<meta name=\"twitter:data2\" content=\"1 minuto\" \/>\n<script type=\"application\/ld+json\" class=\"yoast-schema-graph\">{\"@context\":\"https:\\\/\\\/schema.org\",\"@graph\":[{\"@type\":\"Article\",\"@id\":\"https:\\\/\\\/elmontgomery.com\\\/uncategorized\\\/hale-barter-to-speak-at-el-dia-de-agua\\\/#article\",\"isPartOf\":{\"@id\":\"https:\\\/\\\/elmontgomery.com\\\/uncategorized\\\/hale-barter-to-speak-at-el-dia-de-agua\\\/\"},\"author\":{\"name\":\"Caryn Fogel\",\"@id\":\"https:\\\/\\\/elmontgomery.com\\\/#\\\/schema\\\/person\\\/b9fe077f13e0c822d1a4d4f7204b4463\"},\"headline\":\"Hale Barter to speak at El D\u00eda de Agua\",\"datePublished\":\"2014-03-28T16:52:28+00:00\",\"mainEntityOfPage\":{\"@id\":\"https:\\\/\\\/elmontgomery.com\\\/uncategorized\\\/hale-barter-to-speak-at-el-dia-de-agua\\\/\"},\"wordCount\":308,\"publisher\":{\"@id\":\"https:\\\/\\\/elmontgomery.com\\\/#organization\"},\"articleSection\":[\"News\"],\"inLanguage\":\"es-CL\"},{\"@type\":\"WebPage\",\"@id\":\"https:\\\/\\\/elmontgomery.com\\\/uncategorized\\\/hale-barter-to-speak-at-el-dia-de-agua\\\/\",\"url\":\"https:\\\/\\\/elmontgomery.com\\\/uncategorized\\\/hale-barter-to-speak-at-el-dia-de-agua\\\/\",\"name\":\"Hale Barter to speak at El D\u00eda de Agua - Montgomery &amp; Associates\",\"isPartOf\":{\"@id\":\"https:\\\/\\\/elmontgomery.com\\\/#website\"},\"datePublished\":\"2014-03-28T16:52:28+00:00\",\"breadcrumb\":{\"@id\":\"https:\\\/\\\/elmontgomery.com\\\/uncategorized\\\/hale-barter-to-speak-at-el-dia-de-agua\\\/#breadcrumb\"},\"inLanguage\":\"es-CL\",\"potentialAction\":[{\"@type\":\"ReadAction\",\"target\":[\"https:\\\/\\\/elmontgomery.com\\\/uncategorized\\\/hale-barter-to-speak-at-el-dia-de-agua\\\/\"]}]},{\"@type\":\"BreadcrumbList\",\"@id\":\"https:\\\/\\\/elmontgomery.com\\\/uncategorized\\\/hale-barter-to-speak-at-el-dia-de-agua\\\/#breadcrumb\",\"itemListElement\":[{\"@type\":\"ListItem\",\"position\":1,\"name\":\"Home\",\"item\":\"https:\\\/\\\/elmontgomery.com\\\/\"},{\"@type\":\"ListItem\",\"position\":2,\"name\":\"News\",\"item\":\"https:\\\/\\\/elmontgomery.com\\\/category\\\/news\\\/\"},{\"@type\":\"ListItem\",\"position\":3,\"name\":\"Hale Barter to speak at El D\u00eda de Agua\"}]},{\"@type\":\"WebSite\",\"@id\":\"https:\\\/\\\/elmontgomery.com\\\/#website\",\"url\":\"https:\\\/\\\/elmontgomery.com\\\/\",\"name\":\"Montgomery &amp; Associates\",\"description\":\"Water Resource Consultants\",\"publisher\":{\"@id\":\"https:\\\/\\\/elmontgomery.com\\\/#organization\"},\"potentialAction\":[{\"@type\":\"SearchAction\",\"target\":{\"@type\":\"EntryPoint\",\"urlTemplate\":\"https:\\\/\\\/elmontgomery.com\\\/?s={search_term_string}\"},\"query-input\":{\"@type\":\"PropertyValueSpecification\",\"valueRequired\":true,\"valueName\":\"search_term_string\"}}],\"inLanguage\":\"es-CL\"},{\"@type\":\"Organization\",\"@id\":\"https:\\\/\\\/elmontgomery.com\\\/#organization\",\"name\":\"Montgomery &amp; Associates\",\"url\":\"https:\\\/\\\/elmontgomery.com\\\/\",\"logo\":{\"@type\":\"ImageObject\",\"inLanguage\":\"es-CL\",\"@id\":\"https:\\\/\\\/elmontgomery.com\\\/#\\\/schema\\\/logo\\\/image\\\/\",\"url\":\"https:\\\/\\\/elmontgomery.com\\\/wp-content\\\/uploads\\\/2022\\\/09\\\/MA_RGB_hrz_tag-1.png\",\"contentUrl\":\"https:\\\/\\\/elmontgomery.com\\\/wp-content\\\/uploads\\\/2022\\\/09\\\/MA_RGB_hrz_tag-1.png\",\"width\":1833,\"height\":533,\"caption\":\"Montgomery &amp; Associates\"},\"image\":{\"@id\":\"https:\\\/\\\/elmontgomery.com\\\/#\\\/schema\\\/logo\\\/image\\\/\"},\"sameAs\":[\"https:\\\/\\\/www.linkedin.com\\\/company\\\/2434577\\\/\"]},{\"@type\":\"Person\",\"@id\":\"https:\\\/\\\/elmontgomery.com\\\/#\\\/schema\\\/person\\\/b9fe077f13e0c822d1a4d4f7204b4463\",\"name\":\"Caryn Fogel\",\"image\":{\"@type\":\"ImageObject\",\"inLanguage\":\"es-CL\",\"@id\":\"https:\\\/\\\/elmontgomery.com\\\/wp-content\\\/litespeed\\\/avatar\\\/b35480ce8291aaa1d4aa5cfea7009977.jpg?ver=1777335544\",\"url\":\"https:\\\/\\\/elmontgomery.com\\\/wp-content\\\/litespeed\\\/avatar\\\/b35480ce8291aaa1d4aa5cfea7009977.jpg?ver=1777335544\",\"contentUrl\":\"https:\\\/\\\/elmontgomery.com\\\/wp-content\\\/litespeed\\\/avatar\\\/b35480ce8291aaa1d4aa5cfea7009977.jpg?ver=1777335544\",\"caption\":\"Caryn Fogel\"},\"url\":\"https:\\\/\\\/elmontgomery.com\\\/es\\\/author\\\/caryn\\\/\"}]}<\/script>\n<!-- \/ Yoast SEO plugin. -->","yoast_head_json":{"title":"Hale Barter hablar\u00e1 en El D\u00eda de Agua - Montgomery &amp; Associates","robots":{"index":"index","follow":"follow","max-snippet":"max-snippet:-1","max-image-preview":"max-image-preview:large","max-video-preview":"max-video-preview:-1"},"canonical":"https:\/\/elmontgomery.com\/es\/uncategorized\/hale-barter-to-speak-at-el-dia-de-agua\/","og_locale":"es_ES","og_type":"article","og_title":"Hale Barter to speak at El D\u00eda de Agua - Montgomery &amp; Associates","og_description":"Hale Barter is the luncheon speaker at this year&#8217;s\u00a0El D\u00eda [...]","og_url":"https:\/\/elmontgomery.com\/es\/uncategorized\/hale-barter-to-speak-at-el-dia-de-agua\/","og_site_name":"Montgomery &amp; Associates","article_published_time":"2014-03-28T16:52:28+00:00","author":"Caryn Fogel","twitter_card":"summary_large_image","twitter_misc":{"Escrito por":"Caryn Fogel","Tiempo estimado de lectura":"1 minuto"},"schema":{"@context":"https:\/\/schema.org","@graph":[{"@type":"Article","@id":"https:\/\/elmontgomery.com\/uncategorized\/hale-barter-to-speak-at-el-dia-de-agua\/#article","isPartOf":{"@id":"https:\/\/elmontgomery.com\/uncategorized\/hale-barter-to-speak-at-el-dia-de-agua\/"},"author":{"name":"Caryn Fogel","@id":"https:\/\/elmontgomery.com\/#\/schema\/person\/b9fe077f13e0c822d1a4d4f7204b4463"},"headline":"Hale Barter to speak at El D\u00eda de Agua","datePublished":"2014-03-28T16:52:28+00:00","mainEntityOfPage":{"@id":"https:\/\/elmontgomery.com\/uncategorized\/hale-barter-to-speak-at-el-dia-de-agua\/"},"wordCount":308,"publisher":{"@id":"https:\/\/elmontgomery.com\/#organization"},"articleSection":["News"],"inLanguage":"es-CL"},{"@type":"WebPage","@id":"https:\/\/elmontgomery.com\/uncategorized\/hale-barter-to-speak-at-el-dia-de-agua\/","url":"https:\/\/elmontgomery.com\/uncategorized\/hale-barter-to-speak-at-el-dia-de-agua\/","name":"Hale Barter hablar\u00e1 en El D\u00eda de Agua - Montgomery &amp; Associates","isPartOf":{"@id":"https:\/\/elmontgomery.com\/#website"},"datePublished":"2014-03-28T16:52:28+00:00","breadcrumb":{"@id":"https:\/\/elmontgomery.com\/uncategorized\/hale-barter-to-speak-at-el-dia-de-agua\/#breadcrumb"},"inLanguage":"es-CL","potentialAction":[{"@type":"ReadAction","target":["https:\/\/elmontgomery.com\/uncategorized\/hale-barter-to-speak-at-el-dia-de-agua\/"]}]},{"@type":"BreadcrumbList","@id":"https:\/\/elmontgomery.com\/uncategorized\/hale-barter-to-speak-at-el-dia-de-agua\/#breadcrumb","itemListElement":[{"@type":"ListItem","position":1,"name":"Home","item":"https:\/\/elmontgomery.com\/"},{"@type":"ListItem","position":2,"name":"News","item":"https:\/\/elmontgomery.com\/category\/news\/"},{"@type":"ListItem","position":3,"name":"Hale Barter to speak at El D\u00eda de Agua"}]},{"@type":"WebSite","@id":"https:\/\/elmontgomery.com\/#website","url":"https:\/\/elmontgomery.com\/","name":"Montgomery y asociados","description":"Consultores de recursos h\u00eddricos","publisher":{"@id":"https:\/\/elmontgomery.com\/#organization"},"potentialAction":[{"@type":"SearchAction","target":{"@type":"EntryPoint","urlTemplate":"https:\/\/elmontgomery.com\/?s={search_term_string}"},"query-input":{"@type":"PropertyValueSpecification","valueRequired":true,"valueName":"search_term_string"}}],"inLanguage":"es-CL"},{"@type":"Organization","@id":"https:\/\/elmontgomery.com\/#organization","name":"Montgomery y asociados","url":"https:\/\/elmontgomery.com\/","logo":{"@type":"ImageObject","inLanguage":"es-CL","@id":"https:\/\/elmontgomery.com\/#\/schema\/logo\/image\/","url":"https:\/\/elmontgomery.com\/wp-content\/uploads\/2022\/09\/MA_RGB_hrz_tag-1.png","contentUrl":"https:\/\/elmontgomery.com\/wp-content\/uploads\/2022\/09\/MA_RGB_hrz_tag-1.png","width":1833,"height":533,"caption":"Montgomery &amp; Associates"},"image":{"@id":"https:\/\/elmontgomery.com\/#\/schema\/logo\/image\/"},"sameAs":["https:\/\/www.linkedin.com\/company\/2434577\/"]},{"@type":"Person","@id":"https:\/\/elmontgomery.com\/#\/schema\/person\/b9fe077f13e0c822d1a4d4f7204b4463","name":"Caryn Fogel","image":{"@type":"ImageObject","inLanguage":"es-CL","@id":"https:\/\/elmontgomery.com\/wp-content\/litespeed\/avatar\/b35480ce8291aaa1d4aa5cfea7009977.jpg?ver=1777335544","url":"https:\/\/elmontgomery.com\/wp-content\/litespeed\/avatar\/b35480ce8291aaa1d4aa5cfea7009977.jpg?ver=1777335544","contentUrl":"https:\/\/elmontgomery.com\/wp-content\/litespeed\/avatar\/b35480ce8291aaa1d4aa5cfea7009977.jpg?ver=1777335544","caption":"Caryn Fogel"},"url":"https:\/\/elmontgomery.com\/es\/author\/caryn\/"}]}},"_links":{"self":[{"href":"https:\/\/elmontgomery.com\/es\/wp-json\/wp\/v2\/posts\/1390","targetHints":{"allow":["GET"]}}],"collection":[{"href":"https:\/\/elmontgomery.com\/es\/wp-json\/wp\/v2\/posts"}],"about":[{"href":"https:\/\/elmontgomery.com\/es\/wp-json\/wp\/v2\/types\/post"}],"author":[{"embeddable":true,"href":"https:\/\/elmontgomery.com\/es\/wp-json\/wp\/v2\/users\/4"}],"replies":[{"embeddable":true,"href":"https:\/\/elmontgomery.com\/es\/wp-json\/wp\/v2\/comments?post=1390"}],"version-history":[{"count":0,"href":"https:\/\/elmontgomery.com\/es\/wp-json\/wp\/v2\/posts\/1390\/revisions"}],"wp:attachment":[{"href":"https:\/\/elmontgomery.com\/es\/wp-json\/wp\/v2\/media?parent=1390"}],"wp:term":[{"taxonomy":"category","embeddable":true,"href":"https:\/\/elmontgomery.com\/es\/wp-json\/wp\/v2\/categories?post=1390"},{"taxonomy":"post_tag","embeddable":true,"href":"https:\/\/elmontgomery.com\/es\/wp-json\/wp\/v2\/tags?post=1390"}],"curies":[{"name":"Gracias","href":"https:\/\/api.w.org\/{rel}","templated":true}]}}