{"id":10715,"date":"2023-04-07T14:22:58","date_gmt":"2023-04-07T21:22:58","guid":{"rendered":"https:\/\/elmontgomery.com\/?p=10715"},"modified":"2023-05-11T15:43:00","modified_gmt":"2023-05-11T22:43:00","slug":"mas-megan-zivic-to-speak-at-wim-national-conference","status":"publish","type":"post","link":"https:\/\/elmontgomery.com\/es\/news\/mas-megan-zivic-to-speak-at-wim-national-conference\/","title":{"rendered":"Megan Zivic de M&amp;A hablar\u00e1 en la Conferencia Nacional WIM"},"content":{"rendered":"<p><img decoding=\"async\" class=\"lazyload wp-image-10716 alignright\" src=\"https:\/\/elmontgomery.com\/wp-content\/uploads\/2023\/04\/WIM-lConference-ogo.jpg\" data-orig-src=\"https:\/\/elmontgomery.com\/wp-content\/uploads\/2023\/04\/WIM-lConference-ogo.jpg\" alt=\"\" width=\"172\" height=\"172\" srcset=\"data:image\/svg+xml,%3Csvg%20xmlns%3D%27http%3A%2F%2Fwww.w3.org%2F2000%2Fsvg%27%20width%3D%27172%27%20height%3D%27172%27%20viewBox%3D%270%200%20172%20172%27%3E%3Crect%20width%3D%27172%27%20height%3D%27172%27%20fill-opacity%3D%220%22%2F%3E%3C%2Fsvg%3E\" data-srcset=\"https:\/\/elmontgomery.com\/wp-content\/uploads\/2023\/04\/WIM-lConference-ogo-12x12.jpg 12w, https:\/\/elmontgomery.com\/wp-content\/uploads\/2023\/04\/WIM-lConference-ogo-66x66.jpg 66w, https:\/\/elmontgomery.com\/wp-content\/uploads\/2023\/04\/WIM-lConference-ogo-150x150.jpg 150w, https:\/\/elmontgomery.com\/wp-content\/uploads\/2023\/04\/WIM-lConference-ogo.jpg 160w\" data-sizes=\"auto\" data-orig-sizes=\"(max-width: 172px) 100vw, 172px\" \/><\/p>\n<p><a href=\"https:\/\/elmontgomery.com\/staff-bio\/megan-zivic\/\" data-no-translation=\"\">Megan Zivic, P.G.<\/a>, hidroge\u00f3logo principal, dar\u00e1 un discurso de bienvenida en el <a href=\"https:\/\/www.wim-usa-2023-conference.org\/\" target=\"_blank\" rel=\"noopener\" data-no-translation=\"\">WIM USA National Conference<\/a>, del 12 al 15 de abril en Tucson. Megan se desempe\u00f1a como presidenta y representante nacional del Cap\u00edtulo de Arizona de WIM.<\/p>\n<p>La conferencia de este a\u00f1o, &quot;Cambiando el futuro de la miner\u00eda&quot;, presenta presentaciones y paneles principales, talleres de desarrollo profesional, oportunidades de creaci\u00f3n de redes y visitas a minas locales.<\/p>\n<p>Tambi\u00e9n representando a M&amp;A en la conferencia est\u00e1n Ellie Hill, hidroge\u00f3loga, y Cara Tamcke, especialista en hidrolog\u00eda.<\/p>\n<p>Para obtener m\u00e1s informaci\u00f3n sobre la conferencia o para aprender sobre M&amp;A y nuestro <a href=\"https:\/\/elmontgomery.com\/services\/mining-hydrogeology\/\" data-no-translation=\"\">mining hydrogeology<\/a> servicios, comun\u00edquese con Megan.<\/p>\n<div id=\"attachment_10594\" style=\"width: 159px\" class=\"wp-caption alignleft\"><img decoding=\"async\" aria-describedby=\"caption-attachment-10594\" class=\"lazyload wp-image-10594\" src=\"https:\/\/elmontgomery.com\/wp-content\/uploads\/2023\/02\/Zivic_Megan-1-web-200.jpg\" data-orig-src=\"https:\/\/elmontgomery.com\/wp-content\/uploads\/2023\/02\/Zivic_Megan-1-web-200.jpg\" alt=\"\" width=\"149\" height=\"149\" srcset=\"data:image\/svg+xml,%3Csvg%20xmlns%3D%27http%3A%2F%2Fwww.w3.org%2F2000%2Fsvg%27%20width%3D%27149%27%20height%3D%27149%27%20viewBox%3D%270%200%20149%20149%27%3E%3Crect%20width%3D%27149%27%20height%3D%27149%27%20fill-opacity%3D%220%22%2F%3E%3C%2Fsvg%3E\" data-srcset=\"https:\/\/elmontgomery.com\/wp-content\/uploads\/2023\/02\/Zivic_Megan-1-web-200-12x12.jpg 12w, https:\/\/elmontgomery.com\/wp-content\/uploads\/2023\/02\/Zivic_Megan-1-web-200-66x66.jpg 66w, https:\/\/elmontgomery.com\/wp-content\/uploads\/2023\/02\/Zivic_Megan-1-web-200-150x150.jpg 150w, https:\/\/elmontgomery.com\/wp-content\/uploads\/2023\/02\/Zivic_Megan-1-web-200.jpg 200w\" data-sizes=\"auto\" data-orig-sizes=\"(max-width: 149px) 100vw, 149px\" \/><p id=\"caption-attachment-10594\" class=\"wp-caption-text\"><em>Megan Zivic, PG<\/em><\/p><\/div>\n<div id=\"attachment_10718\" style=\"width: 161px\" class=\"wp-caption alignleft\"><img decoding=\"async\" aria-describedby=\"caption-attachment-10718\" class=\"lazyload wp-image-10718\" src=\"https:\/\/elmontgomery.com\/wp-content\/uploads\/2023\/04\/Hill_Ellie-1-web-200-150x150.jpg\" data-orig-src=\"https:\/\/elmontgomery.com\/wp-content\/uploads\/2023\/04\/Hill_Ellie-1-web-200-150x150.jpg\" alt=\"\" width=\"151\" height=\"151\" srcset=\"data:image\/svg+xml,%3Csvg%20xmlns%3D%27http%3A%2F%2Fwww.w3.org%2F2000%2Fsvg%27%20width%3D%27151%27%20height%3D%27151%27%20viewBox%3D%270%200%20151%20151%27%3E%3Crect%20width%3D%27151%27%20height%3D%27151%27%20fill-opacity%3D%220%22%2F%3E%3C%2Fsvg%3E\" data-srcset=\"https:\/\/elmontgomery.com\/wp-content\/uploads\/2023\/04\/Hill_Ellie-1-web-200-12x12.jpg 12w, https:\/\/elmontgomery.com\/wp-content\/uploads\/2023\/04\/Hill_Ellie-1-web-200-66x66.jpg 66w, https:\/\/elmontgomery.com\/wp-content\/uploads\/2023\/04\/Hill_Ellie-1-web-200-150x150.jpg 150w, https:\/\/elmontgomery.com\/wp-content\/uploads\/2023\/04\/Hill_Ellie-1-web-200.jpg 200w\" data-sizes=\"auto\" data-orig-sizes=\"(max-width: 151px) 100vw, 151px\" \/><p id=\"caption-attachment-10718\" class=\"wp-caption-text\"><em>Ellie Hill<\/em><\/p><\/div>\n<div id=\"attachment_10719\" style=\"width: 160px\" class=\"wp-caption alignleft\"><img decoding=\"async\" aria-describedby=\"caption-attachment-10719\" class=\"lazyload wp-image-10719 size-thumbnail\" src=\"https:\/\/elmontgomery.com\/wp-content\/uploads\/2023\/04\/Tamcke_Cara-2-web-200-150x150.jpg\" data-orig-src=\"https:\/\/elmontgomery.com\/wp-content\/uploads\/2023\/04\/Tamcke_Cara-2-web-200-150x150.jpg\" alt=\"\" width=\"150\" height=\"150\" srcset=\"data:image\/svg+xml,%3Csvg%20xmlns%3D%27http%3A%2F%2Fwww.w3.org%2F2000%2Fsvg%27%20width%3D%27150%27%20height%3D%27150%27%20viewBox%3D%270%200%20150%20150%27%3E%3Crect%20width%3D%27150%27%20height%3D%27150%27%20fill-opacity%3D%220%22%2F%3E%3C%2Fsvg%3E\" data-srcset=\"https:\/\/elmontgomery.com\/wp-content\/uploads\/2023\/04\/Tamcke_Cara-2-web-200-12x12.jpg 12w, https:\/\/elmontgomery.com\/wp-content\/uploads\/2023\/04\/Tamcke_Cara-2-web-200-66x66.jpg 66w, https:\/\/elmontgomery.com\/wp-content\/uploads\/2023\/04\/Tamcke_Cara-2-web-200-150x150.jpg 150w, https:\/\/elmontgomery.com\/wp-content\/uploads\/2023\/04\/Tamcke_Cara-2-web-200.jpg 200w\" data-sizes=\"auto\" data-orig-sizes=\"(max-width: 150px) 100vw, 150px\" \/><p id=\"caption-attachment-10719\" class=\"wp-caption-text\"><em>cara tamcke<\/em><\/p><\/div>","protected":false},"excerpt":{"rendered":"<p>Megan Zivic, P.G., principal hydrogeologist, will give a welcome address  [&#8230;]<\/p>\n","protected":false},"author":3,"featured_media":0,"comment_status":"closed","ping_status":"closed","sticky":false,"template":"","format":"standard","meta":{"footnotes":""},"categories":[7],"tags":[],"class_list":["post-10715","post","type-post","status-publish","format-standard","hentry","category-news"],"yoast_head":"<!-- This site is optimized with the Yoast SEO plugin v27.4 - https:\/\/yoast.com\/product\/yoast-seo-wordpress\/ -->\n<title>M&amp;A&#039;s Megan Zivic to speak at WIM National Conference - Montgomery &amp; Associates<\/title>\n<meta name=\"description\" content=\"M&amp;A&#039;s Megan Zivic to speak at WIM National Conference\" \/>\n<meta name=\"robots\" content=\"index, follow, max-snippet:-1, max-image-preview:large, max-video-preview:-1\" \/>\n<link rel=\"canonical\" href=\"https:\/\/elmontgomery.com\/es\/news\/mas-megan-zivic-to-speak-at-wim-national-conference\/\" \/>\n<meta property=\"og:locale\" content=\"es_ES\" \/>\n<meta property=\"og:type\" content=\"article\" \/>\n<meta property=\"og:title\" content=\"M&amp;A&#039;s Megan Zivic to speak at WIM National Conference - Montgomery &amp; Associates\" \/>\n<meta property=\"og:description\" content=\"M&amp;A&#039;s Megan Zivic to speak at WIM National Conference\" \/>\n<meta property=\"og:url\" content=\"https:\/\/elmontgomery.com\/es\/news\/mas-megan-zivic-to-speak-at-wim-national-conference\/\" \/>\n<meta property=\"og:site_name\" content=\"Montgomery &amp; Associates\" \/>\n<meta property=\"article:published_time\" content=\"2023-04-07T21:22:58+00:00\" \/>\n<meta property=\"article:modified_time\" content=\"2023-05-11T22:43:00+00:00\" \/>\n<meta property=\"og:image\" content=\"https:\/\/elmontgomery.com\/wp-content\/uploads\/2023\/04\/WIM-lConference-ogo.jpg\" \/>\n<meta name=\"author\" content=\"Bonnie Gradillas\" \/>\n<meta name=\"twitter:card\" content=\"summary_large_image\" \/>\n<meta name=\"twitter:label1\" content=\"Escrito por\" \/>\n\t<meta name=\"twitter:data1\" content=\"Bonnie Gradillas\" \/>\n\t<meta name=\"twitter:label2\" content=\"Tiempo estimado de lectura\" \/>\n\t<meta name=\"twitter:data2\" content=\"2 minutos\" \/>\n<script type=\"application\/ld+json\" class=\"yoast-schema-graph\">{\"@context\":\"https:\\\/\\\/schema.org\",\"@graph\":[{\"@type\":\"Article\",\"@id\":\"https:\\\/\\\/elmontgomery.com\\\/news\\\/mas-megan-zivic-to-speak-at-wim-national-conference\\\/#article\",\"isPartOf\":{\"@id\":\"https:\\\/\\\/elmontgomery.com\\\/news\\\/mas-megan-zivic-to-speak-at-wim-national-conference\\\/\"},\"author\":{\"name\":\"Bonnie Gradillas\",\"@id\":\"https:\\\/\\\/elmontgomery.com\\\/#\\\/schema\\\/person\\\/58759a5fff045f0abed4a7dd73f21a80\"},\"headline\":\"M&#038;A&#8217;s Megan Zivic to speak at WIM National Conference\",\"datePublished\":\"2023-04-07T21:22:58+00:00\",\"dateModified\":\"2023-05-11T22:43:00+00:00\",\"mainEntityOfPage\":{\"@id\":\"https:\\\/\\\/elmontgomery.com\\\/news\\\/mas-megan-zivic-to-speak-at-wim-national-conference\\\/\"},\"wordCount\":133,\"publisher\":{\"@id\":\"https:\\\/\\\/elmontgomery.com\\\/#organization\"},\"image\":{\"@id\":\"https:\\\/\\\/elmontgomery.com\\\/news\\\/mas-megan-zivic-to-speak-at-wim-national-conference\\\/#primaryimage\"},\"thumbnailUrl\":\"https:\\\/\\\/elmontgomery.com\\\/wp-content\\\/uploads\\\/2023\\\/04\\\/WIM-lConference-ogo.jpg\",\"articleSection\":[\"News\"],\"inLanguage\":\"es-CL\"},{\"@type\":\"WebPage\",\"@id\":\"https:\\\/\\\/elmontgomery.com\\\/news\\\/mas-megan-zivic-to-speak-at-wim-national-conference\\\/\",\"url\":\"https:\\\/\\\/elmontgomery.com\\\/news\\\/mas-megan-zivic-to-speak-at-wim-national-conference\\\/\",\"name\":\"M&A's Megan Zivic to speak at WIM National Conference - Montgomery &amp; Associates\",\"isPartOf\":{\"@id\":\"https:\\\/\\\/elmontgomery.com\\\/#website\"},\"primaryImageOfPage\":{\"@id\":\"https:\\\/\\\/elmontgomery.com\\\/news\\\/mas-megan-zivic-to-speak-at-wim-national-conference\\\/#primaryimage\"},\"image\":{\"@id\":\"https:\\\/\\\/elmontgomery.com\\\/news\\\/mas-megan-zivic-to-speak-at-wim-national-conference\\\/#primaryimage\"},\"thumbnailUrl\":\"https:\\\/\\\/elmontgomery.com\\\/wp-content\\\/uploads\\\/2023\\\/04\\\/WIM-lConference-ogo.jpg\",\"datePublished\":\"2023-04-07T21:22:58+00:00\",\"dateModified\":\"2023-05-11T22:43:00+00:00\",\"description\":\"M&A's Megan Zivic to speak at WIM National Conference\",\"breadcrumb\":{\"@id\":\"https:\\\/\\\/elmontgomery.com\\\/news\\\/mas-megan-zivic-to-speak-at-wim-national-conference\\\/#breadcrumb\"},\"inLanguage\":\"es-CL\",\"potentialAction\":[{\"@type\":\"ReadAction\",\"target\":[\"https:\\\/\\\/elmontgomery.com\\\/news\\\/mas-megan-zivic-to-speak-at-wim-national-conference\\\/\"]}]},{\"@type\":\"ImageObject\",\"inLanguage\":\"es-CL\",\"@id\":\"https:\\\/\\\/elmontgomery.com\\\/news\\\/mas-megan-zivic-to-speak-at-wim-national-conference\\\/#primaryimage\",\"url\":\"https:\\\/\\\/elmontgomery.com\\\/wp-content\\\/uploads\\\/2023\\\/04\\\/WIM-lConference-ogo.jpg\",\"contentUrl\":\"https:\\\/\\\/elmontgomery.com\\\/wp-content\\\/uploads\\\/2023\\\/04\\\/WIM-lConference-ogo.jpg\"},{\"@type\":\"BreadcrumbList\",\"@id\":\"https:\\\/\\\/elmontgomery.com\\\/news\\\/mas-megan-zivic-to-speak-at-wim-national-conference\\\/#breadcrumb\",\"itemListElement\":[{\"@type\":\"ListItem\",\"position\":1,\"name\":\"Home\",\"item\":\"https:\\\/\\\/elmontgomery.com\\\/\"},{\"@type\":\"ListItem\",\"position\":2,\"name\":\"News\",\"item\":\"https:\\\/\\\/elmontgomery.com\\\/category\\\/news\\\/\"},{\"@type\":\"ListItem\",\"position\":3,\"name\":\"M&#038;A&#8217;s Megan Zivic to speak at WIM National Conference\"}]},{\"@type\":\"WebSite\",\"@id\":\"https:\\\/\\\/elmontgomery.com\\\/#website\",\"url\":\"https:\\\/\\\/elmontgomery.com\\\/\",\"name\":\"Montgomery &amp; Associates\",\"description\":\"Water Resource Consultants\",\"publisher\":{\"@id\":\"https:\\\/\\\/elmontgomery.com\\\/#organization\"},\"potentialAction\":[{\"@type\":\"SearchAction\",\"target\":{\"@type\":\"EntryPoint\",\"urlTemplate\":\"https:\\\/\\\/elmontgomery.com\\\/?s={search_term_string}\"},\"query-input\":{\"@type\":\"PropertyValueSpecification\",\"valueRequired\":true,\"valueName\":\"search_term_string\"}}],\"inLanguage\":\"es-CL\"},{\"@type\":\"Organization\",\"@id\":\"https:\\\/\\\/elmontgomery.com\\\/#organization\",\"name\":\"Montgomery &amp; Associates\",\"url\":\"https:\\\/\\\/elmontgomery.com\\\/\",\"logo\":{\"@type\":\"ImageObject\",\"inLanguage\":\"es-CL\",\"@id\":\"https:\\\/\\\/elmontgomery.com\\\/#\\\/schema\\\/logo\\\/image\\\/\",\"url\":\"https:\\\/\\\/elmontgomery.com\\\/wp-content\\\/uploads\\\/2022\\\/09\\\/MA_RGB_hrz_tag-1.png\",\"contentUrl\":\"https:\\\/\\\/elmontgomery.com\\\/wp-content\\\/uploads\\\/2022\\\/09\\\/MA_RGB_hrz_tag-1.png\",\"width\":1833,\"height\":533,\"caption\":\"Montgomery &amp; Associates\"},\"image\":{\"@id\":\"https:\\\/\\\/elmontgomery.com\\\/#\\\/schema\\\/logo\\\/image\\\/\"},\"sameAs\":[\"https:\\\/\\\/www.linkedin.com\\\/company\\\/2434577\\\/\"]},{\"@type\":\"Person\",\"@id\":\"https:\\\/\\\/elmontgomery.com\\\/#\\\/schema\\\/person\\\/58759a5fff045f0abed4a7dd73f21a80\",\"name\":\"Bonnie Gradillas\",\"image\":{\"@type\":\"ImageObject\",\"inLanguage\":\"es-CL\",\"@id\":\"https:\\\/\\\/elmontgomery.com\\\/wp-content\\\/litespeed\\\/avatar\\\/162a33d9412f88762a55a5ac8405b1b3.jpg?ver=1777335544\",\"url\":\"https:\\\/\\\/elmontgomery.com\\\/wp-content\\\/litespeed\\\/avatar\\\/162a33d9412f88762a55a5ac8405b1b3.jpg?ver=1777335544\",\"contentUrl\":\"https:\\\/\\\/elmontgomery.com\\\/wp-content\\\/litespeed\\\/avatar\\\/162a33d9412f88762a55a5ac8405b1b3.jpg?ver=1777335544\",\"caption\":\"Bonnie Gradillas\"},\"url\":\"https:\\\/\\\/elmontgomery.com\\\/es\\\/author\\\/bonnie\\\/\"}]}<\/script>\n<!-- \/ Yoast SEO plugin. -->","yoast_head_json":{"title":"Megan Zivic de M&amp;A hablar\u00e1 en la Conferencia Nacional WIM - Montgomery &amp; Associates","description":"Megan Zivic de M&amp;A hablar\u00e1 en la Conferencia Nacional de WIM","robots":{"index":"index","follow":"follow","max-snippet":"max-snippet:-1","max-image-preview":"max-image-preview:large","max-video-preview":"max-video-preview:-1"},"canonical":"https:\/\/elmontgomery.com\/es\/news\/mas-megan-zivic-to-speak-at-wim-national-conference\/","og_locale":"es_ES","og_type":"article","og_title":"M&A's Megan Zivic to speak at WIM National Conference - Montgomery &amp; Associates","og_description":"M&A's Megan Zivic to speak at WIM National Conference","og_url":"https:\/\/elmontgomery.com\/es\/news\/mas-megan-zivic-to-speak-at-wim-national-conference\/","og_site_name":"Montgomery &amp; Associates","article_published_time":"2023-04-07T21:22:58+00:00","article_modified_time":"2023-05-11T22:43:00+00:00","og_image":[{"url":"https:\/\/elmontgomery.com\/wp-content\/uploads\/2023\/04\/WIM-lConference-ogo.jpg","type":"","width":"","height":""}],"author":"Bonnie Gradillas","twitter_card":"summary_large_image","twitter_misc":{"Escrito por":"Bonnie Gradillas","Tiempo estimado de lectura":"2 minutos"},"schema":{"@context":"https:\/\/schema.org","@graph":[{"@type":"Article","@id":"https:\/\/elmontgomery.com\/news\/mas-megan-zivic-to-speak-at-wim-national-conference\/#article","isPartOf":{"@id":"https:\/\/elmontgomery.com\/news\/mas-megan-zivic-to-speak-at-wim-national-conference\/"},"author":{"name":"Bonnie Gradillas","@id":"https:\/\/elmontgomery.com\/#\/schema\/person\/58759a5fff045f0abed4a7dd73f21a80"},"headline":"M&#038;A&#8217;s Megan Zivic to speak at WIM National Conference","datePublished":"2023-04-07T21:22:58+00:00","dateModified":"2023-05-11T22:43:00+00:00","mainEntityOfPage":{"@id":"https:\/\/elmontgomery.com\/news\/mas-megan-zivic-to-speak-at-wim-national-conference\/"},"wordCount":133,"publisher":{"@id":"https:\/\/elmontgomery.com\/#organization"},"image":{"@id":"https:\/\/elmontgomery.com\/news\/mas-megan-zivic-to-speak-at-wim-national-conference\/#primaryimage"},"thumbnailUrl":"https:\/\/elmontgomery.com\/wp-content\/uploads\/2023\/04\/WIM-lConference-ogo.jpg","articleSection":["News"],"inLanguage":"es-CL"},{"@type":"WebPage","@id":"https:\/\/elmontgomery.com\/news\/mas-megan-zivic-to-speak-at-wim-national-conference\/","url":"https:\/\/elmontgomery.com\/news\/mas-megan-zivic-to-speak-at-wim-national-conference\/","name":"Megan Zivic de M&amp;A hablar\u00e1 en la Conferencia Nacional WIM - Montgomery &amp; Associates","isPartOf":{"@id":"https:\/\/elmontgomery.com\/#website"},"primaryImageOfPage":{"@id":"https:\/\/elmontgomery.com\/news\/mas-megan-zivic-to-speak-at-wim-national-conference\/#primaryimage"},"image":{"@id":"https:\/\/elmontgomery.com\/news\/mas-megan-zivic-to-speak-at-wim-national-conference\/#primaryimage"},"thumbnailUrl":"https:\/\/elmontgomery.com\/wp-content\/uploads\/2023\/04\/WIM-lConference-ogo.jpg","datePublished":"2023-04-07T21:22:58+00:00","dateModified":"2023-05-11T22:43:00+00:00","description":"Megan Zivic de M&amp;A hablar\u00e1 en la Conferencia Nacional de WIM","breadcrumb":{"@id":"https:\/\/elmontgomery.com\/news\/mas-megan-zivic-to-speak-at-wim-national-conference\/#breadcrumb"},"inLanguage":"es-CL","potentialAction":[{"@type":"ReadAction","target":["https:\/\/elmontgomery.com\/news\/mas-megan-zivic-to-speak-at-wim-national-conference\/"]}]},{"@type":"ImageObject","inLanguage":"es-CL","@id":"https:\/\/elmontgomery.com\/news\/mas-megan-zivic-to-speak-at-wim-national-conference\/#primaryimage","url":"https:\/\/elmontgomery.com\/wp-content\/uploads\/2023\/04\/WIM-lConference-ogo.jpg","contentUrl":"https:\/\/elmontgomery.com\/wp-content\/uploads\/2023\/04\/WIM-lConference-ogo.jpg"},{"@type":"BreadcrumbList","@id":"https:\/\/elmontgomery.com\/news\/mas-megan-zivic-to-speak-at-wim-national-conference\/#breadcrumb","itemListElement":[{"@type":"ListItem","position":1,"name":"Home","item":"https:\/\/elmontgomery.com\/"},{"@type":"ListItem","position":2,"name":"News","item":"https:\/\/elmontgomery.com\/category\/news\/"},{"@type":"ListItem","position":3,"name":"M&#038;A&#8217;s Megan Zivic to speak at WIM National Conference"}]},{"@type":"WebSite","@id":"https:\/\/elmontgomery.com\/#website","url":"https:\/\/elmontgomery.com\/","name":"Montgomery y asociados","description":"Consultores de recursos h\u00eddricos","publisher":{"@id":"https:\/\/elmontgomery.com\/#organization"},"potentialAction":[{"@type":"SearchAction","target":{"@type":"EntryPoint","urlTemplate":"https:\/\/elmontgomery.com\/?s={search_term_string}"},"query-input":{"@type":"PropertyValueSpecification","valueRequired":true,"valueName":"search_term_string"}}],"inLanguage":"es-CL"},{"@type":"Organization","@id":"https:\/\/elmontgomery.com\/#organization","name":"Montgomery y asociados","url":"https:\/\/elmontgomery.com\/","logo":{"@type":"ImageObject","inLanguage":"es-CL","@id":"https:\/\/elmontgomery.com\/#\/schema\/logo\/image\/","url":"https:\/\/elmontgomery.com\/wp-content\/uploads\/2022\/09\/MA_RGB_hrz_tag-1.png","contentUrl":"https:\/\/elmontgomery.com\/wp-content\/uploads\/2022\/09\/MA_RGB_hrz_tag-1.png","width":1833,"height":533,"caption":"Montgomery &amp; Associates"},"image":{"@id":"https:\/\/elmontgomery.com\/#\/schema\/logo\/image\/"},"sameAs":["https:\/\/www.linkedin.com\/company\/2434577\/"]},{"@type":"Person","@id":"https:\/\/elmontgomery.com\/#\/schema\/person\/58759a5fff045f0abed4a7dd73f21a80","name":"Bonnie Gradillas","image":{"@type":"ImageObject","inLanguage":"es-CL","@id":"https:\/\/elmontgomery.com\/wp-content\/litespeed\/avatar\/162a33d9412f88762a55a5ac8405b1b3.jpg?ver=1777335544","url":"https:\/\/elmontgomery.com\/wp-content\/litespeed\/avatar\/162a33d9412f88762a55a5ac8405b1b3.jpg?ver=1777335544","contentUrl":"https:\/\/elmontgomery.com\/wp-content\/litespeed\/avatar\/162a33d9412f88762a55a5ac8405b1b3.jpg?ver=1777335544","caption":"Bonnie Gradillas"},"url":"https:\/\/elmontgomery.com\/es\/author\/bonnie\/"}]}},"_links":{"self":[{"href":"https:\/\/elmontgomery.com\/es\/wp-json\/wp\/v2\/posts\/10715","targetHints":{"allow":["GET"]}}],"collection":[{"href":"https:\/\/elmontgomery.com\/es\/wp-json\/wp\/v2\/posts"}],"about":[{"href":"https:\/\/elmontgomery.com\/es\/wp-json\/wp\/v2\/types\/post"}],"author":[{"embeddable":true,"href":"https:\/\/elmontgomery.com\/es\/wp-json\/wp\/v2\/users\/3"}],"replies":[{"embeddable":true,"href":"https:\/\/elmontgomery.com\/es\/wp-json\/wp\/v2\/comments?post=10715"}],"version-history":[{"count":8,"href":"https:\/\/elmontgomery.com\/es\/wp-json\/wp\/v2\/posts\/10715\/revisions"}],"predecessor-version":[{"id":10726,"href":"https:\/\/elmontgomery.com\/es\/wp-json\/wp\/v2\/posts\/10715\/revisions\/10726"}],"wp:attachment":[{"href":"https:\/\/elmontgomery.com\/es\/wp-json\/wp\/v2\/media?parent=10715"}],"wp:term":[{"taxonomy":"category","embeddable":true,"href":"https:\/\/elmontgomery.com\/es\/wp-json\/wp\/v2\/categories?post=10715"},{"taxonomy":"post_tag","embeddable":true,"href":"https:\/\/elmontgomery.com\/es\/wp-json\/wp\/v2\/tags?post=10715"}],"curies":[{"name":"Gracias","href":"https:\/\/api.w.org\/{rel}","templated":true}]}}